{"id":21771,"date":"2018-08-22T11:09:11","date_gmt":"2018-08-22T09:09:11","guid":{"rendered":"http:\/\/masquefa.cat\/noticies\/?p=21771"},"modified":"2018-08-31T08:23:46","modified_gmt":"2018-08-31T06:23:46","slug":"el-curs-2018-19-arrencara-amb-instal%e2%80%a2lacions-millorades","status":"publish","type":"post","link":"https:\/\/masquefa.cat\/noticies\/el-curs-2018-19-arrencara-amb-instal%e2%80%a2lacions-millorades\/","title":{"rendered":"El curs 2018-19 arrencar\u00e0 amb instal\u00b7lacions millorades"},"content":{"rendered":"<p><strong>L\u2019Ajuntament est\u00e0 instal\u00b7lant parquet d\u2019\u00faltima generaci\u00f3 al pavell\u00f3 poliesportiu i duu a terme treballs a l\u2019escola El Tur\u00f3 per tal de reduir-ne les barreres arquitect\u00f2niques i evitar la formaci\u00f3 de bassals i inundacions al seu pati<\/strong><\/p>\n<p>&nbsp;<\/p>\n<p>El nou curs escolar est\u00e0 a punt de comen\u00e7ar. I enguany ho far\u00e0 amb algunes novetats importants en termes d\u2019equipaments, com ara la dotaci\u00f3 del pavell\u00f3 poliesportiu amb un parquet d\u2019\u00faltima generaci\u00f3 i el drenatge del pati de l\u2019escola El Tur\u00f3 i la col\u00b7locaci\u00f3 d\u2019un ascensor a l\u2019edifici. Totes aquestes millores, que estaran llestes abans que comenci el curs 2018-19, representen un salt important quant a qualitat de les respectives instal\u00b7lacions i s\u2019emmarquen en la voluntat de l\u2019Ajuntament de <strong>\u201ccontinuar adequant els equipaments i espais compartits per tal que els ve\u00efns i ve\u00efnes gaudeixin d\u2019unes instal\u00b7lacions sempre en bon estat i en perfectes condicions per a la seva utilitzaci\u00f3\u201d,<\/strong> afirma Enrique G\u00f3mez, regidor d\u2019Urbanisme.<\/p>\n<p>En el cas dels treballs a l\u2019escola El Tur\u00f3, s\u2019est\u00e0 fent la instal\u00b7laci\u00f3 d\u2019un ascensor, amb la voluntat de reduir-ne les barreres arquitect\u00f2niques, aix\u00ed com el drenatge del pati del centre, amb l\u2019objectiu de recollir i conduir les aig\u00fces pluvials per evitar la formaci\u00f3 de bassals i inundacions. Pel que fa a les obres del pavell\u00f3, la instal\u00b7laci\u00f3 del parquet s\u2019emmarca en la darrera fase dels treballs de construcci\u00f3 d\u2019aquest, iniciada al mes de juny, tot i que l\u2019equipament ja havia estat utilitzat amb anterioritat per les escoles i per diferents equips i clubs esportius del municipi, que ara disposen d\u2019un espai m\u00e9s a la vila per a poder entrenar-se. Cal destacar, a m\u00e9s, que a l\u2019obra hi han pres part dos oficials de primera de paleta i dos peons de paleta, ambd\u00f3s contractats a trav\u00e9s d\u2019un\u00a0<strong>Pla d\u2019Ocupaci\u00f3<\/strong><strong>.<\/strong><\/p>\n<p><img decoding=\"async\" loading=\"lazy\" class=\"alignnone wp-image-21776\" src=\"https:\/\/ajmasquefa-multimedia-wp.s3.eu-central-1.amazonaws.com\/wp-content\/uploads\/sites\/22\/2018\/08\/22110151\/WhatsApp-Image-2018-08-21-at-12.57.54.jpeg\" alt=\"\" width=\"334\" height=\"250\" srcset=\"https:\/\/ajmasquefa-multimedia-wp.s3.eu-central-1.amazonaws.com\/wp-content\/uploads\/sites\/22\/2018\/08\/22110151\/WhatsApp-Image-2018-08-21-at-12.57.54.jpeg 1600w, https:\/\/ajmasquefa-multimedia-wp.s3.eu-central-1.amazonaws.com\/wp-content\/uploads\/sites\/22\/2018\/08\/22110151\/WhatsApp-Image-2018-08-21-at-12.57.54-300x225.jpeg 300w, https:\/\/ajmasquefa-multimedia-wp.s3.eu-central-1.amazonaws.com\/wp-content\/uploads\/sites\/22\/2018\/08\/22110151\/WhatsApp-Image-2018-08-21-at-12.57.54-768x576.jpeg 768w, https:\/\/ajmasquefa-multimedia-wp.s3.eu-central-1.amazonaws.com\/wp-content\/uploads\/sites\/22\/2018\/08\/22110151\/WhatsApp-Image-2018-08-21-at-12.57.54-1024x768.jpeg 1024w, https:\/\/ajmasquefa-multimedia-wp.s3.eu-central-1.amazonaws.com\/wp-content\/uploads\/sites\/22\/2018\/08\/22110151\/WhatsApp-Image-2018-08-21-at-12.57.54-600x450.jpeg 600w\" sizes=\"(max-width: 334px) 100vw, 334px\" \/>\u00a0 \u00a0\u00a0<img decoding=\"async\" loading=\"lazy\" class=\"alignnone wp-image-21775\" src=\"https:\/\/ajmasquefa-multimedia-wp.s3.eu-central-1.amazonaws.com\/wp-content\/uploads\/sites\/22\/2018\/08\/22110148\/WhatsApp-Image-2018-08-21-at-12.57.54-2.jpeg\" alt=\"\" width=\"334\" height=\"251\" srcset=\"https:\/\/ajmasquefa-multimedia-wp.s3.eu-central-1.amazonaws.com\/wp-content\/uploads\/sites\/22\/2018\/08\/22110148\/WhatsApp-Image-2018-08-21-at-12.57.54-2.jpeg 1600w, https:\/\/ajmasquefa-multimedia-wp.s3.eu-central-1.amazonaws.com\/wp-content\/uploads\/sites\/22\/2018\/08\/22110148\/WhatsApp-Image-2018-08-21-at-12.57.54-2-300x225.jpeg 300w, https:\/\/ajmasquefa-multimedia-wp.s3.eu-central-1.amazonaws.com\/wp-content\/uploads\/sites\/22\/2018\/08\/22110148\/WhatsApp-Image-2018-08-21-at-12.57.54-2-768x576.jpeg 768w, https:\/\/ajmasquefa-multimedia-wp.s3.eu-central-1.amazonaws.com\/wp-content\/uploads\/sites\/22\/2018\/08\/22110148\/WhatsApp-Image-2018-08-21-at-12.57.54-2-1024x768.jpeg 1024w, https:\/\/ajmasquefa-multimedia-wp.s3.eu-central-1.amazonaws.com\/wp-content\/uploads\/sites\/22\/2018\/08\/22110148\/WhatsApp-Image-2018-08-21-at-12.57.54-2-600x450.jpeg 600w\" sizes=\"(max-width: 334px) 100vw, 334px\" \/>\u00a0 \u00a0\u00a0<img decoding=\"async\" loading=\"lazy\" class=\"alignnone wp-image-21774\" src=\"https:\/\/ajmasquefa-multimedia-wp.s3.eu-central-1.amazonaws.com\/wp-content\/uploads\/sites\/22\/2018\/08\/22110145\/WhatsApp-Image-2018-08-21-at-12.57.54-1.jpeg\" alt=\"\" width=\"334\" height=\"251\" srcset=\"https:\/\/ajmasquefa-multimedia-wp.s3.eu-central-1.amazonaws.com\/wp-content\/uploads\/sites\/22\/2018\/08\/22110145\/WhatsApp-Image-2018-08-21-at-12.57.54-1.jpeg 1600w, https:\/\/ajmasquefa-multimedia-wp.s3.eu-central-1.amazonaws.com\/wp-content\/uploads\/sites\/22\/2018\/08\/22110145\/WhatsApp-Image-2018-08-21-at-12.57.54-1-300x225.jpeg 300w, https:\/\/ajmasquefa-multimedia-wp.s3.eu-central-1.amazonaws.com\/wp-content\/uploads\/sites\/22\/2018\/08\/22110145\/WhatsApp-Image-2018-08-21-at-12.57.54-1-768x576.jpeg 768w, https:\/\/ajmasquefa-multimedia-wp.s3.eu-central-1.amazonaws.com\/wp-content\/uploads\/sites\/22\/2018\/08\/22110145\/WhatsApp-Image-2018-08-21-at-12.57.54-1-1024x768.jpeg 1024w, https:\/\/ajmasquefa-multimedia-wp.s3.eu-central-1.amazonaws.com\/wp-content\/uploads\/sites\/22\/2018\/08\/22110145\/WhatsApp-Image-2018-08-21-at-12.57.54-1-600x450.jpeg 600w\" sizes=\"(max-width: 334px) 100vw, 334px\" \/>\u00a0 \u00a0\u00a0<img decoding=\"async\" loading=\"lazy\" class=\"alignnone wp-image-21772\" src=\"https:\/\/ajmasquefa-multimedia-wp.s3.eu-central-1.amazonaws.com\/wp-content\/uploads\/sites\/22\/2018\/08\/22110137\/WhatsApp-Image-2018-08-21-at-12.57.53-1.jpeg\" alt=\"\" width=\"333\" height=\"250\" srcset=\"https:\/\/ajmasquefa-multimedia-wp.s3.eu-central-1.amazonaws.com\/wp-content\/uploads\/sites\/22\/2018\/08\/22110137\/WhatsApp-Image-2018-08-21-at-12.57.53-1.jpeg 1600w, https:\/\/ajmasquefa-multimedia-wp.s3.eu-central-1.amazonaws.com\/wp-content\/uploads\/sites\/22\/2018\/08\/22110137\/WhatsApp-Image-2018-08-21-at-12.57.53-1-300x225.jpeg 300w, https:\/\/ajmasquefa-multimedia-wp.s3.eu-central-1.amazonaws.com\/wp-content\/uploads\/sites\/22\/2018\/08\/22110137\/WhatsApp-Image-2018-08-21-at-12.57.53-1-768x576.jpeg 768w, https:\/\/ajmasquefa-multimedia-wp.s3.eu-central-1.amazonaws.com\/wp-content\/uploads\/sites\/22\/2018\/08\/22110137\/WhatsApp-Image-2018-08-21-at-12.57.53-1-1024x768.jpeg 1024w, https:\/\/ajmasquefa-multimedia-wp.s3.eu-central-1.amazonaws.com\/wp-content\/uploads\/sites\/22\/2018\/08\/22110137\/WhatsApp-Image-2018-08-21-at-12.57.53-1-600x450.jpeg 600w\" sizes=\"(max-width: 333px) 100vw, 333px\" \/><\/p>\n","protected":false},"excerpt":{"rendered":"<p>L\u2019Ajuntament est\u00e0 instal\u00b7lant parquet d\u2019\u00faltima generaci\u00f3 al pavell\u00f3 poliesportiu i duu a terme treballs a l\u2019escola El Tur\u00f3 per tal de reduir-ne les barreres arquitect\u00f2niques i evitar la formaci\u00f3 de bassals i inundacions al seu pati &nbsp; El nou curs escolar est\u00e0 a punt de comen\u00e7ar. I enguany ho far\u00e0 amb algunes novetats importants en&hellip;<\/p>\n","protected":false},"author":7,"featured_media":21783,"comment_status":"closed","ping_status":"open","sticky":false,"template":"","format":"standard","meta":[],"categories":[96,1,73],"tags":[],"_links":{"self":[{"href":"https:\/\/masquefa.cat\/noticies\/wp-json\/wp\/v2\/posts\/21771"}],"collection":[{"href":"https:\/\/masquefa.cat\/noticies\/wp-json\/wp\/v2\/posts"}],"about":[{"href":"https:\/\/masquefa.cat\/noticies\/wp-json\/wp\/v2\/types\/post"}],"author":[{"embeddable":true,"href":"https:\/\/masquefa.cat\/noticies\/wp-json\/wp\/v2\/users\/7"}],"replies":[{"embeddable":true,"href":"https:\/\/masquefa.cat\/noticies\/wp-json\/wp\/v2\/comments?post=21771"}],"version-history":[{"count":7,"href":"https:\/\/masquefa.cat\/noticies\/wp-json\/wp\/v2\/posts\/21771\/revisions"}],"predecessor-version":[{"id":21791,"href":"https:\/\/masquefa.cat\/noticies\/wp-json\/wp\/v2\/posts\/21771\/revisions\/21791"}],"wp:featuredmedia":[{"embeddable":true,"href":"https:\/\/masquefa.cat\/noticies\/wp-json\/wp\/v2\/media\/21783"}],"wp:attachment":[{"href":"https:\/\/masquefa.cat\/noticies\/wp-json\/wp\/v2\/media?parent=21771"}],"wp:term":[{"taxonomy":"category","embeddable":true,"href":"https:\/\/masquefa.cat\/noticies\/wp-json\/wp\/v2\/categories?post=21771"},{"taxonomy":"post_tag","embeddable":true,"href":"https:\/\/masquefa.cat\/noticies\/wp-json\/wp\/v2\/tags?post=21771"}],"curies":[{"name":"wp","href":"https:\/\/api.w.org\/{rel}","templated":true}]}}