{"id":21981,"date":"2018-10-31T09:09:17","date_gmt":"2018-10-31T08:09:17","guid":{"rendered":"http:\/\/masquefa.cat\/noticies\/?p=21981"},"modified":"2018-10-31T09:09:17","modified_gmt":"2018-10-31T08:09:17","slug":"prop-de-300-ciclistes-participen-del-2n-ciclocross-vila-de-masquefa","status":"publish","type":"post","link":"https:\/\/masquefa.cat\/noticies\/prop-de-300-ciclistes-participen-del-2n-ciclocross-vila-de-masquefa\/","title":{"rendered":"Prop de 300 ciclistes participen del 2n Ciclocross Vila de Masquefa"},"content":{"rendered":"<p><strong>L\u2019Ajuntament felicita als guanyadors de les categories femenina i masculina i a tots els participants. <\/strong><\/p>\n<p>El diumenge <strong>28 d\u2019octubre<\/strong>, Masquefa va acollir la segona edici\u00f3 del <strong>Ciclocross Vila de Masquefa<\/strong>. Malgrat les pluges generalitzades al llarg de tot el cap de setmana, <strong>prop de 300 ciclistes<\/strong> es van donar cita en aquesta competici\u00f3 esportiva que en nom\u00e9s dos anys ja s\u2019ha fet un lloc preeminent al calendari esportiu tardorenc masquef\u00ed.<\/p>\n<p><strong><u>Categoria femenina<\/u><\/strong><\/p>\n<p>La prova femenina va ser un mon\u00f2leg de <strong>Jordina Muntadas <\/strong>(Corvi), que sense la que havia estat la seva principal oponent les dues primers curses, Veerle Cleiren, va ser la dominadora de la cursa de principi a fi, imposant-se amb m\u00e9s de 3 segons sobre <strong>Emma Roger<\/strong> (Sismic-Le Bolou) i m\u00e9s de sis segons sobre <strong>J\u00falia Pujol<\/strong> (Catema.cat), que van completar el p\u00f2dium.<\/p>\n<p><strong><u>Categoria masculina<\/u><\/strong><\/p>\n<p>A la categoria masculina, <strong>Isaac Simon<\/strong> (BH Concept Barcelona) va ser qui millor es va adaptar al fang del circuit i es va tornar a imposar en solitari, tal i com ja va fer a Guissona anteriorment. Aquest cop el van acompanyar al podi <strong>Marc Romero<\/strong> (BG Team 100% Natural) i <strong>Gerard \u00c1lvarez <\/strong>(Relber Cyling Team).<\/p>\n<p><strong><u>Cicloross per categories de promoci\u00f3<\/u><\/strong><\/p>\n<p>Finalment, un total de 44 infants i joves tamb\u00e9 es van inscriure al Ciclocross en la categoria de promoci\u00f3 amb els seg\u00fcents resultats:<\/p>\n<ul>\n<li>Prebenjam\u00ed: Eidden Vidal (Canet CC)<\/li>\n<li>Benjam\u00ed: Queralt Cub\u00ed (Jufr\u00e9 Bic ETB) i Marc Danti (Jufr\u00e9 Vic ETB)<\/li>\n<li>Principiants: Laia Rodr\u00edguez (La Torreta Bike) i Mart\u00ed Carreras (Tot Net Terrassa)<\/li>\n<li>Alevins: Mireia Padr\u00f3s (Bicicletes Seg\u00fa) i Mart\u00ed Carreras (Tot Net Terrassa)<\/li>\n<li>Infantils: Marta Cano (Bike Garraf CE) i Pol Font (Comarques de Lleida)<\/li>\n<li>Cadets: Nicole Castillo (Corvi Team) i Marc Masana (La Torreta Bike)<\/li>\n<li>Juniors: Luis Vivian (Quadis Trek)<\/li>\n<li>S23: Emma Roger (Sismic Le Bolou) i Marc Romero (BG Team 100% Natural)<\/li>\n<li>Elits: Jordina Muntadas (Corvi Team) i Isaac Simon (BH Concept)<\/li>\n<li>M30: Marta Navarro (3HM Club Esportiu)<\/li>\n<li>M40: Carmen Median (Montcada CC) i Marc Clap\u00e9s (Taradell UC)<\/li>\n<li>M50: Pere Joan Roig (Vila Bikes Club)<\/li>\n<li>M60: Joan Carbones (Nineta Bike Club)<\/li>\n<\/ul>\n<p>&nbsp;<\/p>\n","protected":false},"excerpt":{"rendered":"<p>L\u2019Ajuntament felicita als guanyadors de les categories femenina i masculina i a tots els participants. El diumenge 28 d\u2019octubre, Masquefa va acollir la segona edici\u00f3 del Ciclocross Vila de Masquefa. Malgrat les pluges generalitzades al llarg de tot el cap de setmana, prop de 300 ciclistes es van donar cita en aquesta competici\u00f3 esportiva que&hellip;<\/p>\n","protected":false},"author":7,"featured_media":21982,"comment_status":"closed","ping_status":"open","sticky":false,"template":"","format":"standard","meta":[],"categories":[96,63,1],"tags":[],"_links":{"self":[{"href":"https:\/\/masquefa.cat\/noticies\/wp-json\/wp\/v2\/posts\/21981"}],"collection":[{"href":"https:\/\/masquefa.cat\/noticies\/wp-json\/wp\/v2\/posts"}],"about":[{"href":"https:\/\/masquefa.cat\/noticies\/wp-json\/wp\/v2\/types\/post"}],"author":[{"embeddable":true,"href":"https:\/\/masquefa.cat\/noticies\/wp-json\/wp\/v2\/users\/7"}],"replies":[{"embeddable":true,"href":"https:\/\/masquefa.cat\/noticies\/wp-json\/wp\/v2\/comments?post=21981"}],"version-history":[{"count":1,"href":"https:\/\/masquefa.cat\/noticies\/wp-json\/wp\/v2\/posts\/21981\/revisions"}],"predecessor-version":[{"id":21983,"href":"https:\/\/masquefa.cat\/noticies\/wp-json\/wp\/v2\/posts\/21981\/revisions\/21983"}],"wp:featuredmedia":[{"embeddable":true,"href":"https:\/\/masquefa.cat\/noticies\/wp-json\/wp\/v2\/media\/21982"}],"wp:attachment":[{"href":"https:\/\/masquefa.cat\/noticies\/wp-json\/wp\/v2\/media?parent=21981"}],"wp:term":[{"taxonomy":"category","embeddable":true,"href":"https:\/\/masquefa.cat\/noticies\/wp-json\/wp\/v2\/categories?post=21981"},{"taxonomy":"post_tag","embeddable":true,"href":"https:\/\/masquefa.cat\/noticies\/wp-json\/wp\/v2\/tags?post=21981"}],"curies":[{"name":"wp","href":"https:\/\/api.w.org\/{rel}","templated":true}]}}