{"id":21984,"date":"2018-10-31T10:06:41","date_gmt":"2018-10-31T09:06:41","guid":{"rendered":"http:\/\/masquefa.cat\/noticies\/?p=21984"},"modified":"2018-11-13T10:12:30","modified_gmt":"2018-11-13T09:12:30","slug":"lajuntament-incorpora-un-tecnic-dadministracio-especiallletrat-3","status":"publish","type":"post","link":"https:\/\/masquefa.cat\/noticies\/lajuntament-incorpora-un-tecnic-dadministracio-especiallletrat-3\/","title":{"rendered":"L\u2019Ajuntament incorpora un T\u00e8cnic d\u2019administraci\u00f3 especial\/lletrat"},"content":{"rendered":"<p><strong>La signatura s\u2019ha fet efectiva dimecres 31 d\u2019octubre.<\/strong><\/p>\n<p>Aquest mes d\u2019octubre, l\u2019<strong>Ajuntament de Masquefa <\/strong>ha incorporat <strong>un funcionari inter\u00ed <\/strong>per realitzar <strong>tasques de T\u00e8cnic d\u2019administraci\u00f3 especial\/lletrat<\/strong>.<\/p>\n<p>El senyor <strong>Josep Gasc\u00f3n Castillo <\/strong>ocupa una <strong>pla\u00e7a vacant<\/strong> de TAE\/lletrat de l\u2019Ajuntament un cop superat el per\u00edode de pr\u00e0ctiques, duent a terme funcions en el departament de contractaci\u00f3, aix\u00ed com funcions de redacci\u00f3 de documentaci\u00f3 jur\u00eddica i de suport i assessorament a la corporaci\u00f3 en les diferents \u00e0rees.<\/p>\n","protected":false},"excerpt":{"rendered":"<p>La signatura s\u2019ha fet efectiva dimecres 31 d\u2019octubre. Aquest mes d\u2019octubre, l\u2019Ajuntament de Masquefa ha incorporat un funcionari inter\u00ed per realitzar tasques de T\u00e8cnic d\u2019administraci\u00f3 especial\/lletrat. El senyor Josep Gasc\u00f3n Castillo ocupa una pla\u00e7a vacant de TAE\/lletrat de l\u2019Ajuntament un cop superat el per\u00edode de pr\u00e0ctiques, duent a terme funcions en el departament de contractaci\u00f3,&hellip;<\/p>\n","protected":false},"author":7,"featured_media":21985,"comment_status":"closed","ping_status":"open","sticky":false,"template":"","format":"standard","meta":[],"categories":[95],"tags":[],"_links":{"self":[{"href":"https:\/\/masquefa.cat\/noticies\/wp-json\/wp\/v2\/posts\/21984"}],"collection":[{"href":"https:\/\/masquefa.cat\/noticies\/wp-json\/wp\/v2\/posts"}],"about":[{"href":"https:\/\/masquefa.cat\/noticies\/wp-json\/wp\/v2\/types\/post"}],"author":[{"embeddable":true,"href":"https:\/\/masquefa.cat\/noticies\/wp-json\/wp\/v2\/users\/7"}],"replies":[{"embeddable":true,"href":"https:\/\/masquefa.cat\/noticies\/wp-json\/wp\/v2\/comments?post=21984"}],"version-history":[{"count":1,"href":"https:\/\/masquefa.cat\/noticies\/wp-json\/wp\/v2\/posts\/21984\/revisions"}],"predecessor-version":[{"id":21986,"href":"https:\/\/masquefa.cat\/noticies\/wp-json\/wp\/v2\/posts\/21984\/revisions\/21986"}],"wp:featuredmedia":[{"embeddable":true,"href":"https:\/\/masquefa.cat\/noticies\/wp-json\/wp\/v2\/media\/21985"}],"wp:attachment":[{"href":"https:\/\/masquefa.cat\/noticies\/wp-json\/wp\/v2\/media?parent=21984"}],"wp:term":[{"taxonomy":"category","embeddable":true,"href":"https:\/\/masquefa.cat\/noticies\/wp-json\/wp\/v2\/categories?post=21984"},{"taxonomy":"post_tag","embeddable":true,"href":"https:\/\/masquefa.cat\/noticies\/wp-json\/wp\/v2\/tags?post=21984"}],"curies":[{"name":"wp","href":"https:\/\/api.w.org\/{rel}","templated":true}]}}