{"id":21993,"date":"2018-11-02T19:22:48","date_gmt":"2018-11-02T18:22:48","guid":{"rendered":"http:\/\/masquefa.cat\/noticies\/?p=21993"},"modified":"2018-11-02T19:22:48","modified_gmt":"2018-11-02T18:22:48","slug":"masquefa-iniciara-durant-els-mesos-dhivern-la-campanya-de-reposicio-de-larbrat-municipal","status":"publish","type":"post","link":"https:\/\/masquefa.cat\/noticies\/masquefa-iniciara-durant-els-mesos-dhivern-la-campanya-de-reposicio-de-larbrat-municipal\/","title":{"rendered":"Masquefa iniciar\u00e0 durant els mesos d\u2019hivern la campanya de reposici\u00f3 de l\u2019arbrat municipal"},"content":{"rendered":"<p><strong>El pla t\u00e9 com a objectiu la substituci\u00f3 d\u2019aquells arbres que generen al\u00b7l\u00e8rgies i\/o problemes de seguretat per noves esp\u00e8cies arb\u00f2ries m\u00e9s adequades a l\u2019entorn.<\/strong><\/p>\n<p>Al llarg dels propers mesos es plantaran arreu del municipi m\u00e9s de <strong>250<\/strong><strong> nous arbres<\/strong> en el marc de la <strong>campanya anual de reposici\u00f3 de l\u2019arbrat municipal <\/strong>impulsada per l\u2019<strong>Ajuntament de Masquefa<\/strong>.<\/p>\n<p>L\u2019actuaci\u00f3, que \u00e9s previst que s\u2019inici\u00ef a l\u2019hivern, t\u00e9 com a objectiu garantir la seguretat dels ve\u00efns i apostar per la renaturalitzaci\u00f3 de l\u2019entorn urb\u00e0. En aquest sentit, se substituiran aquells <strong>arbres que <\/strong><strong>provoquen al\u00b7l\u00e8rgies a la poblaci\u00f3, que tenen arrels que malmeten l\u2019asfalt i les voreres o que generen importants incid\u00e8ncies durant els episodis excepcionals de temporal<\/strong>, per noves esp\u00e8cies m\u00e9s adequades on l\u2019ecosistema animal tamb\u00e9 hi tingui cabuda.<\/p>\n<p>Enrique G\u00f3mez, regidor de Medi Ambient, avan\u00e7a que <strong>\u201c<\/strong><strong>en dos anys haurem plantat centenars de nous arbres al municipi, amb el benefici mediambiental directe que aix\u00f2 comporta. El nou arbrat, a m\u00e9s, ens permet embellir els nostres carrers i projectar Masquefa com una vila agradable, amable i respectuosa amb el seu entorn\u201d<\/strong>.<\/p>\n<p>En aquest sentit, la plantaci\u00f3 dels nous arbres implicar\u00e0 espais com els parcs infantils de la Font del Roure, el cam\u00ed i el p\u00e0rquing de La Beguda, el Tur\u00f3, els pol\u00edgons, l\u2019avinguda de la L\u00ednia, les urbanitzacions i el passeig 11 de setembre.<\/p>\n<p>En paral\u00b7lel, el 2019 tamb\u00e9 \u00e9s prevista una nova edici\u00f3 \u2013la desena- de la tradicional plantada d\u2019alzines al Bosc dels Infants. Amb aquesta iniciativa, Masquefa amplia anualment el principal pulm\u00f3 verd del poble, alhora que sensibilitza els infants de la import\u00e0ncia de preservar l\u2019entorn natural i el medi ambient. La plantada \u00e9s tamb\u00e9 un s\u00edmbol de l\u2019arrelament dels infants i les seves fam\u00edlies a la vila.<\/p>\n","protected":false},"excerpt":{"rendered":"<p>El pla t\u00e9 com a objectiu la substituci\u00f3 d\u2019aquells arbres que generen al\u00b7l\u00e8rgies i\/o problemes de seguretat per noves esp\u00e8cies arb\u00f2ries m\u00e9s adequades a l\u2019entorn. Al llarg dels propers mesos es plantaran arreu del municipi m\u00e9s de 250 nous arbres en el marc de la campanya anual de reposici\u00f3 de l\u2019arbrat municipal impulsada per l\u2019Ajuntament&hellip;<\/p>\n","protected":false},"author":7,"featured_media":21994,"comment_status":"closed","ping_status":"open","sticky":false,"template":"","format":"standard","meta":[],"categories":[96,1,97],"tags":[],"_links":{"self":[{"href":"https:\/\/masquefa.cat\/noticies\/wp-json\/wp\/v2\/posts\/21993"}],"collection":[{"href":"https:\/\/masquefa.cat\/noticies\/wp-json\/wp\/v2\/posts"}],"about":[{"href":"https:\/\/masquefa.cat\/noticies\/wp-json\/wp\/v2\/types\/post"}],"author":[{"embeddable":true,"href":"https:\/\/masquefa.cat\/noticies\/wp-json\/wp\/v2\/users\/7"}],"replies":[{"embeddable":true,"href":"https:\/\/masquefa.cat\/noticies\/wp-json\/wp\/v2\/comments?post=21993"}],"version-history":[{"count":1,"href":"https:\/\/masquefa.cat\/noticies\/wp-json\/wp\/v2\/posts\/21993\/revisions"}],"predecessor-version":[{"id":21995,"href":"https:\/\/masquefa.cat\/noticies\/wp-json\/wp\/v2\/posts\/21993\/revisions\/21995"}],"wp:featuredmedia":[{"embeddable":true,"href":"https:\/\/masquefa.cat\/noticies\/wp-json\/wp\/v2\/media\/21994"}],"wp:attachment":[{"href":"https:\/\/masquefa.cat\/noticies\/wp-json\/wp\/v2\/media?parent=21993"}],"wp:term":[{"taxonomy":"category","embeddable":true,"href":"https:\/\/masquefa.cat\/noticies\/wp-json\/wp\/v2\/categories?post=21993"},{"taxonomy":"post_tag","embeddable":true,"href":"https:\/\/masquefa.cat\/noticies\/wp-json\/wp\/v2\/tags?post=21993"}],"curies":[{"name":"wp","href":"https:\/\/api.w.org\/{rel}","templated":true}]}}