{"id":22020,"date":"2018-11-09T11:46:46","date_gmt":"2018-11-09T10:46:46","guid":{"rendered":"http:\/\/masquefa.cat\/noticies\/?p=22020"},"modified":"2018-11-13T10:12:18","modified_gmt":"2018-11-13T09:12:18","slug":"la-beguda-alta-incorpora-un-nou-agent-civic-3","status":"publish","type":"post","link":"https:\/\/masquefa.cat\/noticies\/la-beguda-alta-incorpora-un-nou-agent-civic-3\/","title":{"rendered":"La Beguda Alta incorpora un nou agent c\u00edvic"},"content":{"rendered":"<p><strong>El contracte de treball temporal ser\u00e0 vigent del 12 de novembre i fins a la incorporaci\u00f3 al seu lloc de treball de la senyora <\/strong><strong>Beatriz Mota Illera.<\/strong><\/p>\n<p><strong>La<\/strong> <strong>Beguda Alta<\/strong> compta des d\u2019aquest mes de novembre amb un <strong>nou agent c\u00edvic <\/strong>en substituci\u00f3 de la senyora Beatriz Mota Illera, que ha causat baixa per accident laboral. \u00a0El contracte de p\u00fablic de treball del nou agent c\u00edvic ser\u00e0 vigent del 12 de novembre i fins a la incorporaci\u00f3 al seu lloc de treball de la senyora Beatriz Mota Illera, o b\u00e9 fins al 30 de juny de 2019.<\/p>\n<p>La persona seleccionada, <strong>M. Rosa Galera del Amo<\/strong>, dur\u00e0 a terme un total de 37 hores setmanals en horari de dimarts a divendres, de 08:30 h. a 13 h. i de 14:30 h. a 17 h.; i dilluns, de 08:30 h. a 13 h. i de 14:30 h. a 19 h.<\/p>\n<p>&nbsp;<\/p>\n","protected":false},"excerpt":{"rendered":"<p>El contracte de treball temporal ser\u00e0 vigent del 12 de novembre i fins a la incorporaci\u00f3 al seu lloc de treball de la senyora Beatriz Mota Illera. La Beguda Alta compta des d\u2019aquest mes de novembre amb un nou agent c\u00edvic en substituci\u00f3 de la senyora Beatriz Mota Illera, que ha causat baixa per accident&hellip;<\/p>\n","protected":false},"author":7,"featured_media":22021,"comment_status":"closed","ping_status":"open","sticky":false,"template":"","format":"standard","meta":[],"categories":[95],"tags":[],"_links":{"self":[{"href":"https:\/\/masquefa.cat\/noticies\/wp-json\/wp\/v2\/posts\/22020"}],"collection":[{"href":"https:\/\/masquefa.cat\/noticies\/wp-json\/wp\/v2\/posts"}],"about":[{"href":"https:\/\/masquefa.cat\/noticies\/wp-json\/wp\/v2\/types\/post"}],"author":[{"embeddable":true,"href":"https:\/\/masquefa.cat\/noticies\/wp-json\/wp\/v2\/users\/7"}],"replies":[{"embeddable":true,"href":"https:\/\/masquefa.cat\/noticies\/wp-json\/wp\/v2\/comments?post=22020"}],"version-history":[{"count":1,"href":"https:\/\/masquefa.cat\/noticies\/wp-json\/wp\/v2\/posts\/22020\/revisions"}],"predecessor-version":[{"id":22022,"href":"https:\/\/masquefa.cat\/noticies\/wp-json\/wp\/v2\/posts\/22020\/revisions\/22022"}],"wp:featuredmedia":[{"embeddable":true,"href":"https:\/\/masquefa.cat\/noticies\/wp-json\/wp\/v2\/media\/22021"}],"wp:attachment":[{"href":"https:\/\/masquefa.cat\/noticies\/wp-json\/wp\/v2\/media?parent=22020"}],"wp:term":[{"taxonomy":"category","embeddable":true,"href":"https:\/\/masquefa.cat\/noticies\/wp-json\/wp\/v2\/categories?post=22020"},{"taxonomy":"post_tag","embeddable":true,"href":"https:\/\/masquefa.cat\/noticies\/wp-json\/wp\/v2\/tags?post=22020"}],"curies":[{"name":"wp","href":"https:\/\/api.w.org\/{rel}","templated":true}]}}