{"id":22024,"date":"2018-11-09T11:52:42","date_gmt":"2018-11-09T10:52:42","guid":{"rendered":"http:\/\/masquefa.cat\/noticies\/?p=22024"},"modified":"2018-11-13T10:12:13","modified_gmt":"2018-11-13T09:12:13","slug":"lajuntament-incorpora-una-nova-auxiliar-dalcaldia","status":"publish","type":"post","link":"https:\/\/masquefa.cat\/noticies\/lajuntament-incorpora-una-nova-auxiliar-dalcaldia\/","title":{"rendered":"L\u2019Ajuntament incorpora una nova auxiliar d\u2019alcaldia"},"content":{"rendered":"<p><strong>El contracte de treball \u00e9s vigent des del 5 de novembre.<\/strong><\/p>\n<p>L\u2019Ajuntament de Masquefa ha incorporat aquest mes de novembre una <strong>nova auxiliar d\u2019alcaldia<\/strong> com a personal eventual.<\/p>\n<p>La senyora <strong>Yolanda Gu\u00e0rdia <\/strong>exerceix en el seu nou c\u00e0rrec des del <strong>5 de novembre<\/strong> exercint les funcions d\u2019assist\u00e8ncia a l\u2019alcalde en la confecci\u00f3 de la seva agenda di\u00e0ria de visites, reunions, viatges i assist\u00e8ncies a \u00f2rgans col\u00b7legiats, signatura de documents, aix\u00ed com tamb\u00e9 les tasques de protocol i organitzaci\u00f3 de recepcions de l\u2019Ajuntament, actes i gestions oficials que realitzi la presid\u00e8ncia i\/o la resta de membres de l\u2019equip de govern i regidors en general, aix\u00ed com tamb\u00e9 l\u2019assist\u00e8ncia en quan a les comunicacions de l\u2019alcalde.<\/p>\n","protected":false},"excerpt":{"rendered":"<p>El contracte de treball \u00e9s vigent des del 5 de novembre. L\u2019Ajuntament de Masquefa ha incorporat aquest mes de novembre una nova auxiliar d\u2019alcaldia com a personal eventual. La senyora Yolanda Gu\u00e0rdia exerceix en el seu nou c\u00e0rrec des del 5 de novembre exercint les funcions d\u2019assist\u00e8ncia a l\u2019alcalde en la confecci\u00f3 de la seva&hellip;<\/p>\n","protected":false},"author":7,"featured_media":22025,"comment_status":"closed","ping_status":"open","sticky":false,"template":"","format":"standard","meta":[],"categories":[95],"tags":[],"_links":{"self":[{"href":"https:\/\/masquefa.cat\/noticies\/wp-json\/wp\/v2\/posts\/22024"}],"collection":[{"href":"https:\/\/masquefa.cat\/noticies\/wp-json\/wp\/v2\/posts"}],"about":[{"href":"https:\/\/masquefa.cat\/noticies\/wp-json\/wp\/v2\/types\/post"}],"author":[{"embeddable":true,"href":"https:\/\/masquefa.cat\/noticies\/wp-json\/wp\/v2\/users\/7"}],"replies":[{"embeddable":true,"href":"https:\/\/masquefa.cat\/noticies\/wp-json\/wp\/v2\/comments?post=22024"}],"version-history":[{"count":1,"href":"https:\/\/masquefa.cat\/noticies\/wp-json\/wp\/v2\/posts\/22024\/revisions"}],"predecessor-version":[{"id":22026,"href":"https:\/\/masquefa.cat\/noticies\/wp-json\/wp\/v2\/posts\/22024\/revisions\/22026"}],"wp:featuredmedia":[{"embeddable":true,"href":"https:\/\/masquefa.cat\/noticies\/wp-json\/wp\/v2\/media\/22025"}],"wp:attachment":[{"href":"https:\/\/masquefa.cat\/noticies\/wp-json\/wp\/v2\/media?parent=22024"}],"wp:term":[{"taxonomy":"category","embeddable":true,"href":"https:\/\/masquefa.cat\/noticies\/wp-json\/wp\/v2\/categories?post=22024"},{"taxonomy":"post_tag","embeddable":true,"href":"https:\/\/masquefa.cat\/noticies\/wp-json\/wp\/v2\/tags?post=22024"}],"curies":[{"name":"wp","href":"https:\/\/api.w.org\/{rel}","templated":true}]}}