{"id":22030,"date":"2018-11-12T08:58:45","date_gmt":"2018-11-12T07:58:45","guid":{"rendered":"http:\/\/masquefa.cat\/noticies\/?p=22030"},"modified":"2018-11-13T13:40:33","modified_gmt":"2018-11-13T12:40:33","slug":"lajuntament-incorpora-tres-persones-en-periode-de-practiques","status":"publish","type":"post","link":"https:\/\/masquefa.cat\/noticies\/lajuntament-incorpora-tres-persones-en-periode-de-practiques\/","title":{"rendered":"L\u2019Ajuntament incorpora tres persones en per\u00edode de pr\u00e0ctiques"},"content":{"rendered":"<p><strong>La incorporaci\u00f3 \u00e9s fruit de les subvencions destinades a incentivar la contractaci\u00f3 en pr\u00e0ctiques de joves beneficiaris del Programa Garantia Juvenil a Catalunya.<\/strong><\/p>\n<p>Aquest mes de novembre, l\u2019Ajuntament de Masquefa ha incorporat a <strong>tres persones en per\u00edode de pr\u00e0ctiques<\/strong> per a realitzar tasques de diferent \u00edndole a l\u2019administraci\u00f3 local.<\/p>\n<p><strong>Tyfanni Avil\u00e9s<\/strong> ocupa el seu lloc de treball des del 31 d\u2019octubre i fins al 30 d\u2019abril de 2019 exercint tasques administratives. La jornada de treball \u00e9s de dilluns a divendres, de 08 h. a 15 h.; i una tarda a la setmana, de 17 h. a 19 h.<\/p>\n<p><strong>Neith Gonz\u00e1lez<\/strong> ocupa el seu lloc de treball des del 31 d\u2019octubre i fins al 30 d\u2019abril de 2019 exercint tasques de suport en comunicaci\u00f3. La jornada de treball \u00e9s de dilluns a divendres, de 08 h. a 15 h.; i una tarda a la setmana, de 17 h. a 19 h. A m\u00e9s, pot ser requerida per a treballar dissabtes, diumenges o festius.<\/p>\n<p><strong>M\u00edriam Pe\u00f1alver <\/strong>ocupa el seu lloc de treball des del 31 d\u2019octubre i fins al 30 d\u2019abril de 2019 exercint tasques administratives. La jornada de treball \u00e9s de dilluns a divendres, de 08 h. a 15 h.; i una tarda a la setmana, de 17 h. a 19 h.<\/p>\n","protected":false},"excerpt":{"rendered":"<p>La incorporaci\u00f3 \u00e9s fruit de les subvencions destinades a incentivar la contractaci\u00f3 en pr\u00e0ctiques de joves beneficiaris del Programa Garantia Juvenil a Catalunya. Aquest mes de novembre, l\u2019Ajuntament de Masquefa ha incorporat a tres persones en per\u00edode de pr\u00e0ctiques per a realitzar tasques de diferent \u00edndole a l\u2019administraci\u00f3 local. Tyfanni Avil\u00e9s ocupa el seu lloc&hellip;<\/p>\n","protected":false},"author":7,"featured_media":22031,"comment_status":"closed","ping_status":"open","sticky":false,"template":"","format":"standard","meta":[],"categories":[95],"tags":[],"_links":{"self":[{"href":"https:\/\/masquefa.cat\/noticies\/wp-json\/wp\/v2\/posts\/22030"}],"collection":[{"href":"https:\/\/masquefa.cat\/noticies\/wp-json\/wp\/v2\/posts"}],"about":[{"href":"https:\/\/masquefa.cat\/noticies\/wp-json\/wp\/v2\/types\/post"}],"author":[{"embeddable":true,"href":"https:\/\/masquefa.cat\/noticies\/wp-json\/wp\/v2\/users\/7"}],"replies":[{"embeddable":true,"href":"https:\/\/masquefa.cat\/noticies\/wp-json\/wp\/v2\/comments?post=22030"}],"version-history":[{"count":2,"href":"https:\/\/masquefa.cat\/noticies\/wp-json\/wp\/v2\/posts\/22030\/revisions"}],"predecessor-version":[{"id":22059,"href":"https:\/\/masquefa.cat\/noticies\/wp-json\/wp\/v2\/posts\/22030\/revisions\/22059"}],"wp:featuredmedia":[{"embeddable":true,"href":"https:\/\/masquefa.cat\/noticies\/wp-json\/wp\/v2\/media\/22031"}],"wp:attachment":[{"href":"https:\/\/masquefa.cat\/noticies\/wp-json\/wp\/v2\/media?parent=22030"}],"wp:term":[{"taxonomy":"category","embeddable":true,"href":"https:\/\/masquefa.cat\/noticies\/wp-json\/wp\/v2\/categories?post=22030"},{"taxonomy":"post_tag","embeddable":true,"href":"https:\/\/masquefa.cat\/noticies\/wp-json\/wp\/v2\/tags?post=22030"}],"curies":[{"name":"wp","href":"https:\/\/api.w.org\/{rel}","templated":true}]}}