{"id":22210,"date":"2018-12-03T09:18:21","date_gmt":"2018-12-03T08:18:21","guid":{"rendered":"http:\/\/masquefa.cat\/noticies\/?p=22210"},"modified":"2018-12-03T09:18:21","modified_gmt":"2018-12-03T08:18:21","slug":"nova-campanya-dasfaltat-i-arranjament-de-carrers","status":"publish","type":"post","link":"https:\/\/masquefa.cat\/noticies\/nova-campanya-dasfaltat-i-arranjament-de-carrers\/","title":{"rendered":"Nova campanya d&#8217;asfaltat i arranjament de carrers"},"content":{"rendered":"<p><strong>El consistori dur\u00e0 a terme a principis del mes de desembre diversos treballs d\u2019arranjament en vials de Masquefa i Can Parellada. <\/strong><\/p>\n<p>L&#8217;Ajuntament de Masquefa segueix treballant per tal de millorar la xarxa de carrers i la via p\u00fablica del municipi. En aquest sentit, a partir del proper <strong>10 de desembre<\/strong>, la <strong>Regidoria d\u2019Urbanisme<\/strong> donar\u00e0 continu\u00eftat al <strong>Pla d\u2019Asfalts<\/strong> i al <strong>Pla d\u2019Urbanitzacions<\/strong> amb l\u2019inici de nous treballs d\u2019arranjament a la via p\u00fablica.<\/p>\n<p>L\u2019actuaci\u00f3, adjudicada a l\u2019empresa Asfaltos Augusta, S.L. per un import de <strong>360.000\u20ac<\/strong>, implicar\u00e0 diversos vials del <strong>nucli urb\u00e0<\/strong> i de <strong>Can Parellada<\/strong>, on s\u2019hi dur\u00e0 a terme la <strong>renovaci\u00f3 del paviment asf\u00e0ltic<\/strong> i la correcci\u00f3 de sots, desnivells i imperfeccions d&#8217;algunes vies, tot fent-les m\u00e9s transitables i c\u00f2modes per al passeig de vianants i\/o el tr\u00e0nsit de vehicles. En paral\u00b7lel, a m\u00e9s, tamb\u00e9 \u00e9s previst que s\u2019habilitin <strong>bandes reductores de velocitat<\/strong> en diferents carrers.<\/p>\n","protected":false},"excerpt":{"rendered":"<p>El consistori dur\u00e0 a terme a principis del mes de desembre diversos treballs d\u2019arranjament en vials de Masquefa i Can Parellada. L&#8217;Ajuntament de Masquefa segueix treballant per tal de millorar la xarxa de carrers i la via p\u00fablica del municipi. En aquest sentit, a partir del proper 10 de desembre, la Regidoria d\u2019Urbanisme donar\u00e0 continu\u00eftat&hellip;<\/p>\n","protected":false},"author":7,"featured_media":22211,"comment_status":"closed","ping_status":"open","sticky":false,"template":"","format":"standard","meta":[],"categories":[96,1,73],"tags":[],"_links":{"self":[{"href":"https:\/\/masquefa.cat\/noticies\/wp-json\/wp\/v2\/posts\/22210"}],"collection":[{"href":"https:\/\/masquefa.cat\/noticies\/wp-json\/wp\/v2\/posts"}],"about":[{"href":"https:\/\/masquefa.cat\/noticies\/wp-json\/wp\/v2\/types\/post"}],"author":[{"embeddable":true,"href":"https:\/\/masquefa.cat\/noticies\/wp-json\/wp\/v2\/users\/7"}],"replies":[{"embeddable":true,"href":"https:\/\/masquefa.cat\/noticies\/wp-json\/wp\/v2\/comments?post=22210"}],"version-history":[{"count":1,"href":"https:\/\/masquefa.cat\/noticies\/wp-json\/wp\/v2\/posts\/22210\/revisions"}],"predecessor-version":[{"id":22212,"href":"https:\/\/masquefa.cat\/noticies\/wp-json\/wp\/v2\/posts\/22210\/revisions\/22212"}],"wp:featuredmedia":[{"embeddable":true,"href":"https:\/\/masquefa.cat\/noticies\/wp-json\/wp\/v2\/media\/22211"}],"wp:attachment":[{"href":"https:\/\/masquefa.cat\/noticies\/wp-json\/wp\/v2\/media?parent=22210"}],"wp:term":[{"taxonomy":"category","embeddable":true,"href":"https:\/\/masquefa.cat\/noticies\/wp-json\/wp\/v2\/categories?post=22210"},{"taxonomy":"post_tag","embeddable":true,"href":"https:\/\/masquefa.cat\/noticies\/wp-json\/wp\/v2\/tags?post=22210"}],"curies":[{"name":"wp","href":"https:\/\/api.w.org\/{rel}","templated":true}]}}