{"id":22235,"date":"2018-12-05T15:20:08","date_gmt":"2018-12-05T14:20:08","guid":{"rendered":"http:\/\/masquefa.cat\/noticies\/?p=22235"},"modified":"2018-12-05T15:20:08","modified_gmt":"2018-12-05T14:20:08","slug":"els-masquefins-es-bolquen-un-any-mes-amb-el-gran-recapte-3","status":"publish","type":"post","link":"https:\/\/masquefa.cat\/noticies\/els-masquefins-es-bolquen-un-any-mes-amb-el-gran-recapte-3\/","title":{"rendered":"Els masquefins es bolquen un any m\u00e9s amb el Gran Recapte"},"content":{"rendered":"<p><strong>Els dies 30 de novembre i 1 i 2 de desembre es van recollir al municipi prop de 10.000 quilos d\u2019aliments gr\u00e0cies a les aportacions volunt\u00e0ries dels ve\u00efns.<\/strong><\/p>\n<p>Masquefa i els seus ve\u00efns han tornat a demostrar ser un poble solidari. Entre el 30 de novembre i el 2 de desembre, els masquefins van aportar prop de <strong>10.000 quilos d\u2019aliments<\/strong> com a part del <strong>Gran Recapte d\u2019Aliments 2018,<\/strong> organitzat pel <strong>Banc d\u2019Aliments de Catalunya<\/strong> i que ha comptat amb el suport de l\u2019<strong>Ajuntament de Masquefa<\/strong>. Tots els aliments recollits aniran <strong>destinats a les fam\u00edlies m\u00e9s necessitades<\/strong> del municipi.<\/p>\n<p>Les m\u00e9s de nou tones d\u2019aliments que s\u2019han recaptat, aix\u00ed com el bon desenvolupament de la jornada, ha estat possible <strong>gr\u00e0cies als voluntaris<\/strong> que enguany han col\u00b7laborat en la recollida del menjar en els diferents punts habilitats arreu de Masquefa. Aquest 2018 hi havia habilitats <strong>punts de recollida d\u2019aliments als supermercats Condis (Sant Pere i avinguda de la L\u00ednia), Punt Taronja, Mercadona i \u00c0rea de Guissona<\/strong>.<\/p>\n<p>L\u2019Ajuntament felicita el cos de voluntaris, encap\u00e7alat per l\u2019<strong>Associaci\u00f3 del Grup de Voluntaris de Masquefa<\/strong>, per la seva implicaci\u00f3 i altruisme; posa en valor la conscienciaci\u00f3 que han anat adquirint els masquefins respecte el fenomen de la pobresa i la seva participaci\u00f3 en el Gran Recapte; i agraeix als respectius establiments la seva col\u00b7laboraci\u00f3 en la iniciativa.<\/p>\n<p>&nbsp;<\/p>\n","protected":false},"excerpt":{"rendered":"<p>Els dies 30 de novembre i 1 i 2 de desembre es van recollir al municipi prop de 10.000 quilos d\u2019aliments gr\u00e0cies a les aportacions volunt\u00e0ries dels ve\u00efns. Masquefa i els seus ve\u00efns han tornat a demostrar ser un poble solidari. Entre el 30 de novembre i el 2 de desembre, els masquefins van aportar&hellip;<\/p>\n","protected":false},"author":7,"featured_media":22236,"comment_status":"closed","ping_status":"open","sticky":false,"template":"","format":"standard","meta":[],"categories":[96,1,85],"tags":[],"_links":{"self":[{"href":"https:\/\/masquefa.cat\/noticies\/wp-json\/wp\/v2\/posts\/22235"}],"collection":[{"href":"https:\/\/masquefa.cat\/noticies\/wp-json\/wp\/v2\/posts"}],"about":[{"href":"https:\/\/masquefa.cat\/noticies\/wp-json\/wp\/v2\/types\/post"}],"author":[{"embeddable":true,"href":"https:\/\/masquefa.cat\/noticies\/wp-json\/wp\/v2\/users\/7"}],"replies":[{"embeddable":true,"href":"https:\/\/masquefa.cat\/noticies\/wp-json\/wp\/v2\/comments?post=22235"}],"version-history":[{"count":1,"href":"https:\/\/masquefa.cat\/noticies\/wp-json\/wp\/v2\/posts\/22235\/revisions"}],"predecessor-version":[{"id":22237,"href":"https:\/\/masquefa.cat\/noticies\/wp-json\/wp\/v2\/posts\/22235\/revisions\/22237"}],"wp:featuredmedia":[{"embeddable":true,"href":"https:\/\/masquefa.cat\/noticies\/wp-json\/wp\/v2\/media\/22236"}],"wp:attachment":[{"href":"https:\/\/masquefa.cat\/noticies\/wp-json\/wp\/v2\/media?parent=22235"}],"wp:term":[{"taxonomy":"category","embeddable":true,"href":"https:\/\/masquefa.cat\/noticies\/wp-json\/wp\/v2\/categories?post=22235"},{"taxonomy":"post_tag","embeddable":true,"href":"https:\/\/masquefa.cat\/noticies\/wp-json\/wp\/v2\/tags?post=22235"}],"curies":[{"name":"wp","href":"https:\/\/api.w.org\/{rel}","templated":true}]}}