{"id":22336,"date":"2018-12-31T17:16:41","date_gmt":"2018-12-31T16:16:41","guid":{"rendered":"http:\/\/masquefa.cat\/noticies\/?p=22336"},"modified":"2018-12-31T17:16:41","modified_gmt":"2018-12-31T16:16:41","slug":"a-partir-de-l1-de-gener-icman-sorea-executara-el-tractament-de-les-fosses-septiques-del-maset","status":"publish","type":"post","link":"https:\/\/masquefa.cat\/noticies\/a-partir-de-l1-de-gener-icman-sorea-executara-el-tractament-de-les-fosses-septiques-del-maset\/","title":{"rendered":"A partir de l\u20191 de gener, Icman Sorea executar\u00e0 el tractament de les fosses s\u00e8ptiques d\u2019El Maset"},"content":{"rendered":"<p><strong>L\u2019empresa concession\u00e0ria del projecte d\u2019urbanitzaci\u00f3 d\u2019El Maset assumeix aquest 2019 la gesti\u00f3 de les fosses s\u00e8ptiques, actuaci\u00f3 que fins ara anava a c\u00e0rrec d\u2019A. Malet i Fills, S.L.<\/strong><\/p>\n<p>Entre les diverses millores ofertes per<strong> Icman Sorea<\/strong> com a empresa adjudicat\u00e0ria del <strong>projecte d\u2019urbanitzaci\u00f3 d\u2019El Maset<\/strong>, hi ha el tractament de les fosses s\u00e8ptiques; fet que permetr\u00e0 que a partir del 2019 els ve\u00efns de la zona no hagin de fer front a la quota de recollida de les fosses.<\/p>\n<p>Aix\u00ed, a partir de dimarts <strong>1 de gener<\/strong>, Icman Sorea passar\u00e0 a gestionar \u00edntegrament el tractament de les fosses s\u00e8ptiques; actuaci\u00f3 que fins ara anava a c\u00e0rrec de l\u2019empresa A. Malet i Fills, S.L..<\/p>\n<p>Amb tot, l\u2019<strong>Ajuntament de Masquefa <\/strong>fa saber al conjunt dels residents que el canvi en la gesti\u00f3 dels treballs no implicar\u00e0, per\u00f2, cap variaci\u00f3 ni en el <strong>tel\u00e8fon de contacte <\/strong>(93 771 73 42) ni en el <strong>personal d\u2019atenci\u00f3 i execuci\u00f3 dels treballs<\/strong>, que seran els mateixos que s\u2019oferien fins al moment.<\/p>\n","protected":false},"excerpt":{"rendered":"<p>L\u2019empresa concession\u00e0ria del projecte d\u2019urbanitzaci\u00f3 d\u2019El Maset assumeix aquest 2019 la gesti\u00f3 de les fosses s\u00e8ptiques, actuaci\u00f3 que fins ara anava a c\u00e0rrec d\u2019A. Malet i Fills, S.L. Entre les diverses millores ofertes per Icman Sorea com a empresa adjudicat\u00e0ria del projecte d\u2019urbanitzaci\u00f3 d\u2019El Maset, hi ha el tractament de les fosses s\u00e8ptiques; fet que&hellip;<\/p>\n","protected":false},"author":7,"featured_media":22302,"comment_status":"closed","ping_status":"open","sticky":false,"template":"","format":"standard","meta":[],"categories":[96,1,73],"tags":[],"_links":{"self":[{"href":"https:\/\/masquefa.cat\/noticies\/wp-json\/wp\/v2\/posts\/22336"}],"collection":[{"href":"https:\/\/masquefa.cat\/noticies\/wp-json\/wp\/v2\/posts"}],"about":[{"href":"https:\/\/masquefa.cat\/noticies\/wp-json\/wp\/v2\/types\/post"}],"author":[{"embeddable":true,"href":"https:\/\/masquefa.cat\/noticies\/wp-json\/wp\/v2\/users\/7"}],"replies":[{"embeddable":true,"href":"https:\/\/masquefa.cat\/noticies\/wp-json\/wp\/v2\/comments?post=22336"}],"version-history":[{"count":1,"href":"https:\/\/masquefa.cat\/noticies\/wp-json\/wp\/v2\/posts\/22336\/revisions"}],"predecessor-version":[{"id":22337,"href":"https:\/\/masquefa.cat\/noticies\/wp-json\/wp\/v2\/posts\/22336\/revisions\/22337"}],"wp:featuredmedia":[{"embeddable":true,"href":"https:\/\/masquefa.cat\/noticies\/wp-json\/wp\/v2\/media\/22302"}],"wp:attachment":[{"href":"https:\/\/masquefa.cat\/noticies\/wp-json\/wp\/v2\/media?parent=22336"}],"wp:term":[{"taxonomy":"category","embeddable":true,"href":"https:\/\/masquefa.cat\/noticies\/wp-json\/wp\/v2\/categories?post=22336"},{"taxonomy":"post_tag","embeddable":true,"href":"https:\/\/masquefa.cat\/noticies\/wp-json\/wp\/v2\/tags?post=22336"}],"curies":[{"name":"wp","href":"https:\/\/api.w.org\/{rel}","templated":true}]}}