{"id":22341,"date":"2019-01-09T12:08:27","date_gmt":"2019-01-09T11:08:27","guid":{"rendered":"http:\/\/masquefa.cat\/noticies\/?p=22341"},"modified":"2019-01-09T12:15:27","modified_gmt":"2019-01-09T11:15:27","slug":"el-casal-de-joves-arrenca-el-2019-amb-espais-programacio-i-materials-renovats","status":"publish","type":"post","link":"https:\/\/masquefa.cat\/noticies\/el-casal-de-joves-arrenca-el-2019-amb-espais-programacio-i-materials-renovats\/","title":{"rendered":"El Casal de Joves arrenca el 2019 amb espais, programaci\u00f3 i materials renovats"},"content":{"rendered":"<p><strong>Els usuaris de l\u2019equipament podran gaudir cada setmana, de dimarts a divendres, de diferents activitats l\u00fadiques i culturals a partir de les 17:30 h. <\/strong><\/p>\n<p>L\u2019<strong>Ajuntament de Masquefa <\/strong>fa una aposta ferma aquest 2019 per ampliar i diversificar les prestacions i el cat\u00e0leg de serveis que s\u2019ofereixen setmanalment al <strong>Casal de Joves<\/strong>, un dels equipaments p\u00fablics amb m\u00e9s recorregut i amb m\u00e9s participaci\u00f3 al llarg dels darrers anys. Aix\u00ed, amb l\u2019arribada del nou any, l\u2019espai municipal dels joves masquefins es dota amb una <strong>programaci\u00f3 renovada<\/strong> i <strong>amb nous materials<\/strong> amb l\u2019objectiu d\u2019obrir la instal\u00b7laci\u00f3 a tot el col\u00b7lectiu i donar resposta a les necessitats i interessos dels seus usuaris.<\/p>\n<p><strong><u>Noves activitats les tardes de dimarts a divendres<\/u><\/strong><\/p>\n<p>Una de les principals novetats de la nova etapa que enceta el Casal de Joves amb l\u2019inici del 2019 \u00e9s l\u2019<strong>ampliaci\u00f3 del programa d\u2019activitats<\/strong>, que tradicionalment es limitava als divendres. En aquest sentit, l\u2019equipament ofereix des d\u2019aquest mes de gener <strong>propostes de dimarts a divendres<\/strong>, en horari de tarda, a partir de les 17:30 h.<\/p>\n<p>Entre elles, tallers de cuina, d\u2019est\u00e8tica o de DJ; jocs de taula; o torneigs de Play Station, de customitzaci\u00f3 de roba o de futbol\u00ed. <strong>Totes les activitats requereixen d\u2019inscripci\u00f3 pr\u00e8via<\/strong>. <u><\/u><a href=\"https:\/\/ajmasquefa-multimedia-wp.s3.eu-central-1.amazonaws.com\/wp-content\/uploads\/sites\/22\/2019\/01\/09120800\/Calendari-gener-2019.pdf\"><em><u>Consulteu el calendari d\u2019activitats del mes de gener.<\/u><\/em><\/a><\/p>\n<p>&nbsp;<\/p>\n<p><img decoding=\"async\" loading=\"lazy\" class=\"size-full wp-image-22343 aligncenter\" src=\"https:\/\/ajmasquefa-multimedia-wp.s3.eu-central-1.amazonaws.com\/wp-content\/uploads\/sites\/22\/2019\/01\/09120733\/jocs.jpeg\" alt=\"\" width=\"898\" height=\"899\" srcset=\"https:\/\/ajmasquefa-multimedia-wp.s3.eu-central-1.amazonaws.com\/wp-content\/uploads\/sites\/22\/2019\/01\/09120733\/jocs.jpeg 898w, https:\/\/ajmasquefa-multimedia-wp.s3.eu-central-1.amazonaws.com\/wp-content\/uploads\/sites\/22\/2019\/01\/09120733\/jocs-150x150.jpeg 150w, https:\/\/ajmasquefa-multimedia-wp.s3.eu-central-1.amazonaws.com\/wp-content\/uploads\/sites\/22\/2019\/01\/09120733\/jocs-300x300.jpeg 300w, https:\/\/ajmasquefa-multimedia-wp.s3.eu-central-1.amazonaws.com\/wp-content\/uploads\/sites\/22\/2019\/01\/09120733\/jocs-768x769.jpeg 768w, https:\/\/ajmasquefa-multimedia-wp.s3.eu-central-1.amazonaws.com\/wp-content\/uploads\/sites\/22\/2019\/01\/09120733\/jocs-600x601.jpeg 600w\" sizes=\"(max-width: 898px) 100vw, 898px\" \/><\/p>\n<p>&nbsp;<\/p>\n<p><strong><u>Materials i espais renovats<\/u><\/strong><\/p>\n<p>Mentrestant, l\u2019aturada per les vacances nadalenques tamb\u00e9 ha perm\u00e8s al Casal de Joves incorporar noves prestacions. Com ara, una <strong>zona d\u2019oci<\/strong> amb sof\u00e0s, coixins i tauletes; una nova <strong>taula de tennis<\/strong> <strong>taula<\/strong>; nous <strong>jocs de taula<\/strong> com el Catan, Gestos, UNO, Trimonios, Royal Games, Jungle Speed, T\u00f2tem o baralles de cartes; i <strong>materials<\/strong> com raquetes de tennis taula, boles de billar i futbol\u00ed, comandaments per a la Play Station.<\/p>\n<p>Tot plegat, compon un oferta l\u00fadica adaptada als gustos de tot el col\u00b7lectiu de joves i que es complementa amb <strong>espais i materials ja plenament consolidats<\/strong> al Casal de Joves com el futbol\u00ed, el billar o els jocs de taula (parx\u00eds, domino, Intelect, Estratego, Party, Pictionari, Mikado&#8230;).<\/p>\n<p>Finalment, tamb\u00e9 s\u2019ha reubicat la televisi\u00f3 habilitada a l\u2019equipament i es disposen d\u2019unes noves targetes amb saldo disponible per a escollir i jugar al joc que escullin els usuaris.<\/p>\n<p>Des de l\u2019Ajuntament es convida els joves del municipi a descobrir i a gaudir de les m\u00faltiples opcions d\u2019oci que ofereix setmanalment el Casal de Joves i posa en valor el comprom\u00eds i el suport de totes aquelles persones que han fet possible que l\u2019equipament s\u2019hagi consolidat avui en dia en un espai de refer\u00e8ncia al municipi per aquest col\u00b7lectiu.<\/p>\n","protected":false},"excerpt":{"rendered":"<p>Els usuaris de l\u2019equipament podran gaudir cada setmana, de dimarts a divendres, de diferents activitats l\u00fadiques i culturals a partir de les 17:30 h. L\u2019Ajuntament de Masquefa fa una aposta ferma aquest 2019 per ampliar i diversificar les prestacions i el cat\u00e0leg de serveis que s\u2019ofereixen setmanalment al Casal de Joves, un dels equipaments p\u00fablics&hellip;<\/p>\n","protected":false},"author":7,"featured_media":22342,"comment_status":"closed","ping_status":"open","sticky":false,"template":"","format":"standard","meta":[],"categories":[96,1,65],"tags":[],"_links":{"self":[{"href":"https:\/\/masquefa.cat\/noticies\/wp-json\/wp\/v2\/posts\/22341"}],"collection":[{"href":"https:\/\/masquefa.cat\/noticies\/wp-json\/wp\/v2\/posts"}],"about":[{"href":"https:\/\/masquefa.cat\/noticies\/wp-json\/wp\/v2\/types\/post"}],"author":[{"embeddable":true,"href":"https:\/\/masquefa.cat\/noticies\/wp-json\/wp\/v2\/users\/7"}],"replies":[{"embeddable":true,"href":"https:\/\/masquefa.cat\/noticies\/wp-json\/wp\/v2\/comments?post=22341"}],"version-history":[{"count":2,"href":"https:\/\/masquefa.cat\/noticies\/wp-json\/wp\/v2\/posts\/22341\/revisions"}],"predecessor-version":[{"id":22346,"href":"https:\/\/masquefa.cat\/noticies\/wp-json\/wp\/v2\/posts\/22341\/revisions\/22346"}],"wp:featuredmedia":[{"embeddable":true,"href":"https:\/\/masquefa.cat\/noticies\/wp-json\/wp\/v2\/media\/22342"}],"wp:attachment":[{"href":"https:\/\/masquefa.cat\/noticies\/wp-json\/wp\/v2\/media?parent=22341"}],"wp:term":[{"taxonomy":"category","embeddable":true,"href":"https:\/\/masquefa.cat\/noticies\/wp-json\/wp\/v2\/categories?post=22341"},{"taxonomy":"post_tag","embeddable":true,"href":"https:\/\/masquefa.cat\/noticies\/wp-json\/wp\/v2\/tags?post=22341"}],"curies":[{"name":"wp","href":"https:\/\/api.w.org\/{rel}","templated":true}]}}