{"id":22438,"date":"2019-01-24T10:32:03","date_gmt":"2019-01-24T09:32:03","guid":{"rendered":"http:\/\/masquefa.cat\/noticies\/?p=22438"},"modified":"2019-02-13T09:10:19","modified_gmt":"2019-02-13T08:10:19","slug":"el-nou-servei-de-recollida-de-residus-permet-augmentar-exponencialment-les-xifres-de-recollida-selectiva","status":"publish","type":"post","link":"https:\/\/masquefa.cat\/noticies\/el-nou-servei-de-recollida-de-residus-permet-augmentar-exponencialment-les-xifres-de-recollida-selectiva\/","title":{"rendered":"El nou servei de recollida de residus permet augmentar exponencialment les xifres de recollida selectiva"},"content":{"rendered":"<p><strong>Durant el darrer trimestres de 2018, la recollida de la fracci\u00f3 de paper i cartr\u00f3 va augmentar en un 67,1%; la de vidre, en un 61,8%; la d\u2019envasos, en un 76,4%; i l\u2019org\u00e0nica, en un 368,2%.<\/strong><\/p>\n<p>L\u2019<strong>Ajuntament de Masquefa <\/strong>fa un balan\u00e7 molt satisfactori de la implementaci\u00f3 al municipi, des del passat mes de setembre del 2018, del <strong>nou model de recollida de residus<\/strong> al municipi. En aquest sentit, les xifres de recollida selectiva assolides durant els primers tres mesos de funcionament del servei consoliden i reforcen l\u2019aposta feta per l\u2019equip de govern amb l\u2019objectiu de <strong>millorar les dades de reciclatge i de recollida selectiva<\/strong>;\u00a0<strong>optimitzar el servei<\/strong><strong>\u00a0<\/strong>que es presta als vilatans;\u00a0<strong>abaratir els costos<\/strong>\u00a0de la recollida; i\u00a0<strong>combatre de forma efectiva els abocaments il\u00b7legals<\/strong>\u00a0de residus, restes vegetals i voluminosos a la via p\u00fablica.<\/p>\n<p><strong><u>Augment significatiu de la recollida selectiva<\/u><\/strong><\/p>\n<p>Durant els mesos d\u2019octubre, novembre i desembre de 2018 <strong>van cr\u00e9ixer exponencialment les xifres de recollida de la fracci\u00f3 org\u00e0nica, de paper i cartr\u00f3, de vidre i d\u2019envasos<\/strong> respecte l\u2019any 2017. Aix\u00ed, el creixement m\u00e9s significatiu s\u2019ha produ\u00eft en la fracci\u00f3 org\u00e0nica, que ha crescut fins a un 368,2%. Mentrestant, la fracci\u00f3 de paper i cartr\u00f3 ha augmentat en un 67,1%; la de vidre, en un 61,8%; i la d\u2019envasos, en un 76,4%. Tot plegat, ha perm\u00e8s que durant el darrer trimestre de l\u2019any passat <strong>es duguessin a l\u2019abocador un 6,5% menys de residus<\/strong>.<\/p>\n<p>Per tot plegat, Enrique G\u00f3mez, regidor de Medi Ambient, agraeix a tots els ve\u00efns <strong>\u201cla seva col\u00b7laboraci\u00f3 imprescindible en el desplegament del nou model de recollida de residus, que ha fet possible que a Masquefa assentem les bases d\u2019un model de poble m\u00e9s sostenible i respectu\u00f3s amb el nostre entorn\u201d<\/strong>.<\/p>\n<p><strong><u>Aconsegueix a l\u2019Ajuntament cubells per a la recollida de la fracci\u00f3 org\u00e0nica<\/u><\/strong><\/p>\n<p>La Regidoria de Medi Ambient ha iniciat aquest 2019 la distribuci\u00f3 gratu\u00efta a les depend\u00e8ncies municipals de <strong>cubells dom\u00e8stics per a la recollida de la fracci\u00f3 org\u00e0nica<\/strong>; que s\u2019han posat a disposici\u00f3 de tota la ciutadania tant al consistori com a l\u2019\u00e0rea de Serveis Territorials.<\/p>\n<p>Amb aquesta iniciativa, que compta amb el suport de la Generalitat de Catalunya, l\u2019Ajuntament d\u00f3na continu\u00eftat al programa d\u2019educaci\u00f3 ambiental endegada al llarg dels darrers mesos. A m\u00e9s, la proposta tamb\u00e9 s\u2019integra dins del pla d\u2019acci\u00f3 de la campanya de civisme i de foment del reciclatge <strong>#Unavilapertothom<\/strong> i el desplegament del <strong>nou servei de recollida de residus<\/strong>.<\/p>\n<p><strong><u>Recollida porta a porta de materials voluminosos<\/u><\/strong><\/p>\n<p><strong>Masquefa disposa d\u2019un<\/strong><strong> <a href=\"http:\/\/masquefa.cat\/noticies\/recollida-porta-a-porta-de-mobles-electrodomestics-i-altres-residus-voluminosos\/\">servei gratu\u00eft de recollida porta a porta de materials voluminosos<\/a>.\u00a0<\/strong>Per fer-ne \u00fas nom\u00e9s cal demanar cita pr\u00e8via trucant al tel\u00e8fon <strong>93 708 60 96<\/strong>.<\/p>\n<p>Finalment, <strong>la Regidoria de Medi Ambient, amb l<\/strong>\u2019objectiu de conscienciar el conjunt de la poblaci\u00f3 sobre la import\u00e0ncia mediambiental i de seguretat d\u2019una gesti\u00f3 correcta i sostenible dels residus i fomentar la recollida selectiva, <strong>recompensa els ve\u00efns que aportin residus a la deixalleria amb una reducci\u00f3 directa de la taxa municipal de residus<\/strong>.\u00a0 Aix\u00ed, si un usuari va entre sis i 11 vegades a l\u2019any a la Deixalleria, obt\u00e9 una reducci\u00f3 de la taxa d\u2019un 10%; i si va m\u00e9s de 12 vegades, obt\u00e9 una reducci\u00f3 del 15%.<\/p>\n","protected":false},"excerpt":{"rendered":"<p>Durant el darrer trimestres de 2018, la recollida de la fracci\u00f3 de paper i cartr\u00f3 va augmentar en un 67,1%; la de vidre, en un 61,8%; la d\u2019envasos, en un 76,4%; i l\u2019org\u00e0nica, en un 368,2%. L\u2019Ajuntament de Masquefa fa un balan\u00e7 molt satisfactori de la implementaci\u00f3 al municipi, des del passat mes de setembre&hellip;<\/p>\n","protected":false},"author":7,"featured_media":22317,"comment_status":"closed","ping_status":"open","sticky":false,"template":"","format":"standard","meta":[],"categories":[96,1,97],"tags":[],"_links":{"self":[{"href":"https:\/\/masquefa.cat\/noticies\/wp-json\/wp\/v2\/posts\/22438"}],"collection":[{"href":"https:\/\/masquefa.cat\/noticies\/wp-json\/wp\/v2\/posts"}],"about":[{"href":"https:\/\/masquefa.cat\/noticies\/wp-json\/wp\/v2\/types\/post"}],"author":[{"embeddable":true,"href":"https:\/\/masquefa.cat\/noticies\/wp-json\/wp\/v2\/users\/7"}],"replies":[{"embeddable":true,"href":"https:\/\/masquefa.cat\/noticies\/wp-json\/wp\/v2\/comments?post=22438"}],"version-history":[{"count":1,"href":"https:\/\/masquefa.cat\/noticies\/wp-json\/wp\/v2\/posts\/22438\/revisions"}],"predecessor-version":[{"id":22439,"href":"https:\/\/masquefa.cat\/noticies\/wp-json\/wp\/v2\/posts\/22438\/revisions\/22439"}],"wp:featuredmedia":[{"embeddable":true,"href":"https:\/\/masquefa.cat\/noticies\/wp-json\/wp\/v2\/media\/22317"}],"wp:attachment":[{"href":"https:\/\/masquefa.cat\/noticies\/wp-json\/wp\/v2\/media?parent=22438"}],"wp:term":[{"taxonomy":"category","embeddable":true,"href":"https:\/\/masquefa.cat\/noticies\/wp-json\/wp\/v2\/categories?post=22438"},{"taxonomy":"post_tag","embeddable":true,"href":"https:\/\/masquefa.cat\/noticies\/wp-json\/wp\/v2\/tags?post=22438"}],"curies":[{"name":"wp","href":"https:\/\/api.w.org\/{rel}","templated":true}]}}