{"id":22513,"date":"2019-02-07T12:34:35","date_gmt":"2019-02-07T11:34:35","guid":{"rendered":"http:\/\/masquefa.cat\/noticies\/?p=22513"},"modified":"2019-02-12T11:13:17","modified_gmt":"2019-02-12T10:13:17","slug":"lajuntament-incorpora-quatre-persones-a-traves-del-pla-de-treball-i-formacio-2018-2019","status":"publish","type":"post","link":"https:\/\/masquefa.cat\/noticies\/lajuntament-incorpora-quatre-persones-a-traves-del-pla-de-treball-i-formacio-2018-2019\/","title":{"rendered":"L\u2019Ajuntament incorpora quatre persones a trav\u00e9s del Pla de Treball i Formaci\u00f3 2018-2019"},"content":{"rendered":"<p><strong>La incorporaci\u00f3, de car\u00e0cter temporal, s\u2019ha fet efectiva aquest mes de febrer.<\/strong><\/p>\n<p>Dotar els ve\u00efns d\u2019eines i recursos per a la recerca activa de feina \u00e9s un dels eixos de treball prioritaris de l\u2019equip de govern. Aquesta l\u00ednia d\u2019acci\u00f3, s\u2019ha tradu\u00eft aquest mes de gener en la contractaci\u00f3 de quatre persones en situaci\u00f3 d\u2019atur en el marc del <strong>Programa Treball i Formaci\u00f3 2018-2019\u00a0<\/strong>impulsat pel<strong>\u00a0Consell Comarcal de l\u2019Anoia<\/strong>; i del que l\u2019<strong>Ajuntament de Masquefa\u00a0<\/strong>en forma part amb l\u2019objectiu de fomentar la inserci\u00f3 i reinserci\u00f3 laboral de persones aturades i amb especials dificultats d&#8217;integraci\u00f3 en el mercat laboral.<\/p>\n<p>Aix\u00ed, el consistori ha contractat recentment als senyors <strong>Rodolfo Ba\u00f1os Gorrit<\/strong>, <strong>Jos\u00e9 Maria Garc\u00eda Alameda<\/strong> i <strong>Nereo P\u00e9rez Garc\u00eda<\/strong> i a la senyora <strong>Josefa Gal\u00e1n Mart\u00ednez<\/strong>. Els contractes de treball, de car\u00e0cter temporal, tenen una durada de sis mesos o 12 mesos.<\/p>\n<p>Pel que fa al conjunt de la comarca, un total de 39 persones que es trobaven en situaci\u00f3 d&#8217;atur han estat contractats en el marc d\u2019aquest programa del Consell Comarcal.<\/p>\n","protected":false},"excerpt":{"rendered":"<p>La incorporaci\u00f3, de car\u00e0cter temporal, s\u2019ha fet efectiva aquest mes de febrer. Dotar els ve\u00efns d\u2019eines i recursos per a la recerca activa de feina \u00e9s un dels eixos de treball prioritaris de l\u2019equip de govern. Aquesta l\u00ednia d\u2019acci\u00f3, s\u2019ha tradu\u00eft aquest mes de gener en la contractaci\u00f3 de quatre persones en situaci\u00f3 d\u2019atur en&hellip;<\/p>\n","protected":false},"author":7,"featured_media":22514,"comment_status":"closed","ping_status":"open","sticky":false,"template":"","format":"standard","meta":[],"categories":[95],"tags":[],"_links":{"self":[{"href":"https:\/\/masquefa.cat\/noticies\/wp-json\/wp\/v2\/posts\/22513"}],"collection":[{"href":"https:\/\/masquefa.cat\/noticies\/wp-json\/wp\/v2\/posts"}],"about":[{"href":"https:\/\/masquefa.cat\/noticies\/wp-json\/wp\/v2\/types\/post"}],"author":[{"embeddable":true,"href":"https:\/\/masquefa.cat\/noticies\/wp-json\/wp\/v2\/users\/7"}],"replies":[{"embeddable":true,"href":"https:\/\/masquefa.cat\/noticies\/wp-json\/wp\/v2\/comments?post=22513"}],"version-history":[{"count":1,"href":"https:\/\/masquefa.cat\/noticies\/wp-json\/wp\/v2\/posts\/22513\/revisions"}],"predecessor-version":[{"id":22515,"href":"https:\/\/masquefa.cat\/noticies\/wp-json\/wp\/v2\/posts\/22513\/revisions\/22515"}],"wp:featuredmedia":[{"embeddable":true,"href":"https:\/\/masquefa.cat\/noticies\/wp-json\/wp\/v2\/media\/22514"}],"wp:attachment":[{"href":"https:\/\/masquefa.cat\/noticies\/wp-json\/wp\/v2\/media?parent=22513"}],"wp:term":[{"taxonomy":"category","embeddable":true,"href":"https:\/\/masquefa.cat\/noticies\/wp-json\/wp\/v2\/categories?post=22513"},{"taxonomy":"post_tag","embeddable":true,"href":"https:\/\/masquefa.cat\/noticies\/wp-json\/wp\/v2\/tags?post=22513"}],"curies":[{"name":"wp","href":"https:\/\/api.w.org\/{rel}","templated":true}]}}