{"id":22558,"date":"2019-02-14T12:34:54","date_gmt":"2019-02-14T11:34:54","guid":{"rendered":"http:\/\/masquefa.cat\/noticies\/?p=22558"},"modified":"2019-02-14T12:34:54","modified_gmt":"2019-02-14T11:34:54","slug":"la-plantada-dalzines-al-bosc-dels-infants-compleix-el-seu-10e-aniversari","status":"publish","type":"post","link":"https:\/\/masquefa.cat\/noticies\/la-plantada-dalzines-al-bosc-dels-infants-compleix-el-seu-10e-aniversari\/","title":{"rendered":"La plantada d\u2019alzines al Bosc dels Infants compleix el seu 10\u00e8 aniversari"},"content":{"rendered":"<p><strong>Diumenge 3 de mar\u00e7, totes les fam\u00edlies amb nadons nascuts durant l\u2019any 2018 podran plantar les alzines que l\u2019Ajuntament els entregar\u00e0 com a regal pel naixement dels seus fills.<\/strong><\/p>\n<p>La <strong>plantada d\u2019alzines al Bosc dels Infants<\/strong> est\u00e0 d\u2019enhorabona. I \u00e9s que enguany, aquesta original activitat impulsada per l\u2019<strong>Ajuntament de Masquefa<\/strong> commemora la seva <strong>desena edici\u00f3<\/strong>. Una efem\u00e8ride molt simb\u00f2lica que consolida aquesta jornada com una de les tradicions novelles del municipi que ha arrelat amb m\u00e9s for\u00e7a entre els ve\u00efns de la vila al llarg dels darrers anys.<\/p>\n<p>Per tot plegat, el proper diumenge\u00a0<strong>3 de mar\u00e7<\/strong>, el consistori convida a totes les fam\u00edlies masquefines amb\u00a0<strong>nadons nascuts al llarg del passat 2018<\/strong>\u00a0a participar activament de la plantada d\u2019alzines. A m\u00e9s, per celebrar aquest 10\u00e8 aniversari, a la trobada tamb\u00e9 hi s\u00f3n convidades totes les fam\u00edlies que han pres part del projecte al llarg dels darrers 10 anys.<\/p>\n<p>L\u2019activitat consisteix en la plantada al Bosc dels Infants (pol\u00edgon industrial La Pedrosa) de les alzines que l\u2019Ajuntament entregar\u00e0 el mateix dia a les fam\u00edlies del municipi com a regal pel naixement dels seus fills.\u00a0<strong>L\u2019any 2018 van n\u00e9ixer a Masquefa un total de 87 infants<\/strong>. I\u00a0totes les fam\u00edlies d\u2019aquests nadons estan convidades a participar\u00a0enguany de la trobada.<\/p>\n<p>La plantada es dur\u00e0 a terme a partir de les 11 h. i tamb\u00e9 comptar\u00e0 amb un <strong>esmorzar popular i la m\u00fasica de Jordi Tonietti<\/strong>.<\/p>\n<p>L\u2019Ajuntament va comen\u00e7ar aquest projecte l\u2019any 2010 i des d\u2019aleshores ha regalat, cada any, alzines als nadons nascuts l\u2019any anterior per plantar-les en aquesta zona verda. Amb aquesta iniciativa, Masquefa\u00a0amplia el principal pulm\u00f3 verd del poble, alhora que\u00a0sensibilitza els infants de la import\u00e0ncia de preservar l\u2019entorn natural i el medi ambient. La plantada \u00e9s tamb\u00e9 un\u00a0s\u00edmbol de l\u2019arrelament dels infants i les seves fam\u00edlies\u00a0a la vila.<\/p>\n<p>&nbsp;<\/p>\n","protected":false},"excerpt":{"rendered":"<p>Diumenge 3 de mar\u00e7, totes les fam\u00edlies amb nadons nascuts durant l\u2019any 2018 podran plantar les alzines que l\u2019Ajuntament els entregar\u00e0 com a regal pel naixement dels seus fills. La plantada d\u2019alzines al Bosc dels Infants est\u00e0 d\u2019enhorabona. I \u00e9s que enguany, aquesta original activitat impulsada per l\u2019Ajuntament de Masquefa commemora la seva desena edici\u00f3.&hellip;<\/p>\n","protected":false},"author":7,"featured_media":22559,"comment_status":"closed","ping_status":"open","sticky":false,"template":"","format":"standard","meta":[],"categories":[96,1,66],"tags":[],"_links":{"self":[{"href":"https:\/\/masquefa.cat\/noticies\/wp-json\/wp\/v2\/posts\/22558"}],"collection":[{"href":"https:\/\/masquefa.cat\/noticies\/wp-json\/wp\/v2\/posts"}],"about":[{"href":"https:\/\/masquefa.cat\/noticies\/wp-json\/wp\/v2\/types\/post"}],"author":[{"embeddable":true,"href":"https:\/\/masquefa.cat\/noticies\/wp-json\/wp\/v2\/users\/7"}],"replies":[{"embeddable":true,"href":"https:\/\/masquefa.cat\/noticies\/wp-json\/wp\/v2\/comments?post=22558"}],"version-history":[{"count":1,"href":"https:\/\/masquefa.cat\/noticies\/wp-json\/wp\/v2\/posts\/22558\/revisions"}],"predecessor-version":[{"id":22560,"href":"https:\/\/masquefa.cat\/noticies\/wp-json\/wp\/v2\/posts\/22558\/revisions\/22560"}],"wp:featuredmedia":[{"embeddable":true,"href":"https:\/\/masquefa.cat\/noticies\/wp-json\/wp\/v2\/media\/22559"}],"wp:attachment":[{"href":"https:\/\/masquefa.cat\/noticies\/wp-json\/wp\/v2\/media?parent=22558"}],"wp:term":[{"taxonomy":"category","embeddable":true,"href":"https:\/\/masquefa.cat\/noticies\/wp-json\/wp\/v2\/categories?post=22558"},{"taxonomy":"post_tag","embeddable":true,"href":"https:\/\/masquefa.cat\/noticies\/wp-json\/wp\/v2\/tags?post=22558"}],"curies":[{"name":"wp","href":"https:\/\/api.w.org\/{rel}","templated":true}]}}