{"id":22615,"date":"2019-02-22T14:38:07","date_gmt":"2019-02-22T13:38:07","guid":{"rendered":"http:\/\/masquefa.cat\/noticies\/?p=22615"},"modified":"2019-02-22T14:38:46","modified_gmt":"2019-02-22T13:38:46","slug":"aquest-2019-comencaran-les-primeres-actuacions-de-millora-a-la-carretera-b-224","status":"publish","type":"post","link":"https:\/\/masquefa.cat\/noticies\/aquest-2019-comencaran-les-primeres-actuacions-de-millora-a-la-carretera-b-224\/","title":{"rendered":"Aquest 2019 comen\u00e7aran les primeres actuacions de millora a la carretera B-224"},"content":{"rendered":"<p><strong>L\u2019obra<\/strong><strong> ha estat llargament reclamada per l\u2019Ajuntament de Masquefa i pel teixit empresarial anoienc, que al llarg dels darrers anys han unit esfor\u00e7os amb la resta de consistoris implicats per tal de fer realitat i posar a l\u2019agenda pol\u00edtica i medi\u00e0tica del pa\u00eds aquesta infraestructura estrat\u00e8gica.<\/strong><\/p>\n<p>El CTC de Masquefa va acollir divendres 22 de febrer la presentaci\u00f3 p\u00fablica del <strong>projecte de millora de la carretera B-224<\/strong>. L\u2019acte va anar a c\u00e0rrec del secretari d\u2019Infraestructures i Mobilitat de la Generalitat de Catalunya, Isidre Gav\u00edn; el director general d\u2019Infraestructures de Mobilitat, Javier Flores; l\u2019alcalde de Masquefa, Xavier Boquete; l\u2019alcalde de Sant Esteve Sesrovires, Enric Carbonell; l\u2019alcalde de Piera, Jordi Madrid; i l\u2019alcalde de Sant Lloren\u00e7 d\u2019Hortons, Jordi Ferrer.<\/p>\n<p>L\u2019actuaci\u00f3, llargament reclamada pels municipis del territori i pel teixit empresarial anoienc, t\u00e9 com a objectius <strong>incrementar la capacitat de la carretera<\/strong> i <strong>millorar la mobilitat i la seguretat en aquest \u00e0mbit<\/strong>; i es preveu que durant aquesta primavera s\u2019inici\u00efn ja els primers treballs; si b\u00e9 el gruix d\u2019aquests s\u2019executar\u00e0 durant el 2020.<\/p>\n<p>Xavier Boquete, alcalde de Masquefa, valora positivament l\u2019inici del projecte i assegura que <strong>\u201cla connexi\u00f3 entre Masquefa i Martorell \u00e9s una de les m\u00e9s transitades i utilitzades pels nostres ve\u00efns. <\/strong><strong>Per tot plegat, era imprescindible endegar aquesta obra que ens permetr\u00e0 eradicar sense m\u00e9s demora l\u2019inadmissible risc al volant que suposa avui en dia circular per la B-224\u201d<\/strong>. En aquesta l\u00ednia, Boquete defensa que el desdoblament de la B-224 tamb\u00e9 suposar\u00e0 <strong>\u201cdonar un salt qualitatiu quant a <\/strong><strong>cohesi\u00f3 territorial i ens permetr\u00e0 atraure noves empreses i generar nous llocs de feina qualitatius, quantitatius i de proximitat tant al municipi com a la comarca de l\u2019Anoia\u201d. <\/strong><\/p>\n<p><strong><u>Tram 1: Sant Esteves Sesrovires-Martorell<\/u><\/strong><\/p>\n<p>En aquest tram s\u2019hi executaran dues actuacions diferenciades: primer, l\u2019habilitaci\u00f3 d\u2019un <strong>nou gir a l\u2019al\u00e7ada de la Masia Bach-\u00c0gora <\/strong>amb noves mesures de seguretat; i segon, el <strong>desdoblament de la carretera B-224 <\/strong>entre la rotonda del pol\u00edgon Anoia, a Sant Esteve Sesrovires, i el carrer del Puig del Ravell, a Martorell. El projecte, a m\u00e9s, tamb\u00e9 preveu una rotonda elevada sobre el vial que connecta l\u2019A-2 i l\u2019AP-7 de grans dimensions.<\/p>\n<p><strong><u>Tram 2: Masquefa<\/u><\/strong><\/p>\n<p>A la <strong>BV-2241 <\/strong>s\u2019hi dur\u00e0 a terme un <strong>condicionament total del vial<\/strong> amb l\u2019objectiu de, mantenint el tra\u00e7at actual, ampliar la capacitat de la carretera amb noves cunetes. Els treballs \u00e9s previst que s\u2019executin el 2020 i suposaran una inversi\u00f3 de 4 milions d\u2019euros. Finalment, a la <strong>variant de Masquefa<\/strong> s\u2019habilitar\u00e0 <strong>un separador de fluxos<\/strong>; i en paral\u00b7lel al cam\u00ed verd habilitat per l\u2019Ajuntament s\u2019hi instal\u00b7lar\u00e0 un sistema de contenci\u00f3 amb barreres.<\/p>\n<p><strong><u>Tram 3: variant entre Vallbona d\u2019Anoia i Masquefa<\/u><\/strong><\/p>\n<p>El tram entre Piera i Vallbona d\u2019Anoia ser\u00e0 sotm\u00e8s a una <strong>reforma integral i a una millora del paviment asf\u00e0ltic<\/strong> que permetr\u00e0, entre d\u2019altres, augmentar la seguretat en aquest tram i connectar aquest municipi amb Vallbona d\u2019Anoia i Masquefa sense necessitat d\u2019accedir per l\u2019interior de la vila.<\/p>\n","protected":false},"excerpt":{"rendered":"<p>L\u2019obra ha estat llargament reclamada per l\u2019Ajuntament de Masquefa i pel teixit empresarial anoienc, que al llarg dels darrers anys han unit esfor\u00e7os amb la resta de consistoris implicats per tal de fer realitat i posar a l\u2019agenda pol\u00edtica i medi\u00e0tica del pa\u00eds aquesta infraestructura estrat\u00e8gica. El CTC de Masquefa va acollir divendres 22 de&hellip;<\/p>\n","protected":false},"author":7,"featured_media":22616,"comment_status":"closed","ping_status":"open","sticky":false,"template":"","format":"standard","meta":[],"categories":[96,1,73],"tags":[],"_links":{"self":[{"href":"https:\/\/masquefa.cat\/noticies\/wp-json\/wp\/v2\/posts\/22615"}],"collection":[{"href":"https:\/\/masquefa.cat\/noticies\/wp-json\/wp\/v2\/posts"}],"about":[{"href":"https:\/\/masquefa.cat\/noticies\/wp-json\/wp\/v2\/types\/post"}],"author":[{"embeddable":true,"href":"https:\/\/masquefa.cat\/noticies\/wp-json\/wp\/v2\/users\/7"}],"replies":[{"embeddable":true,"href":"https:\/\/masquefa.cat\/noticies\/wp-json\/wp\/v2\/comments?post=22615"}],"version-history":[{"count":2,"href":"https:\/\/masquefa.cat\/noticies\/wp-json\/wp\/v2\/posts\/22615\/revisions"}],"predecessor-version":[{"id":22618,"href":"https:\/\/masquefa.cat\/noticies\/wp-json\/wp\/v2\/posts\/22615\/revisions\/22618"}],"wp:featuredmedia":[{"embeddable":true,"href":"https:\/\/masquefa.cat\/noticies\/wp-json\/wp\/v2\/media\/22616"}],"wp:attachment":[{"href":"https:\/\/masquefa.cat\/noticies\/wp-json\/wp\/v2\/media?parent=22615"}],"wp:term":[{"taxonomy":"category","embeddable":true,"href":"https:\/\/masquefa.cat\/noticies\/wp-json\/wp\/v2\/categories?post=22615"},{"taxonomy":"post_tag","embeddable":true,"href":"https:\/\/masquefa.cat\/noticies\/wp-json\/wp\/v2\/tags?post=22615"}],"curies":[{"name":"wp","href":"https:\/\/api.w.org\/{rel}","templated":true}]}}