{"id":22640,"date":"2019-02-26T15:47:25","date_gmt":"2019-02-26T14:47:25","guid":{"rendered":"http:\/\/masquefa.cat\/noticies\/?p=22640"},"modified":"2019-02-27T09:39:01","modified_gmt":"2019-02-27T08:39:01","slug":"formacio-i-orientacio-es-donen-la-ma-a-la-fira-futur-2019","status":"publish","type":"post","link":"https:\/\/masquefa.cat\/noticies\/formacio-i-orientacio-es-donen-la-ma-a-la-fira-futur-2019\/","title":{"rendered":"Formaci\u00f3 i orientaci\u00f3 es donen la m\u00e0 a la Fira Futur 2019"},"content":{"rendered":"<p><strong>La F\u00e0brica Rogelio Rojo i el Casal de Joves seran l\u2019escenari el 14 de mar\u00e7 d\u2019aquest projecte que ofereix als joves, a les seves fam\u00edlies i a les persones que volen seguir formant-se els recursos necessaris per tal d\u2019orientar millor el seu futur acad\u00e8mic i\/o professional.\u00a0<\/strong><u><\/u><a href=\"https:\/\/ajmasquefa-multimedia-wp.s3.eu-central-1.amazonaws.com\/wp-content\/uploads\/sites\/22\/2019\/02\/26154631\/Programa-Fira-Futur-2019.pdf\"><em><u>Consulta el programa de la Fira Futur 2019.<\/u><\/em><\/a><\/p>\n<p>El <strong>14 de mar\u00e7<\/strong> Masquefa acollir\u00e0 la <strong>13a edici\u00f3<\/strong> <strong>de Fira Futur<\/strong>, un projecte impulsat per la Xarxa Transici\u00f3 Escola Treball Anoia Sud amb la col\u00b7laboraci\u00f3 de la Diputaci\u00f3 de Barcelona i la Generalitat de Catalunya. Fira Futur va dirigida als joves, a les seves fam\u00edlies i a les persones en actiu o en situaci\u00f3 d\u2019atur que volen continuar formant-se.<\/p>\n<p>Per tot plegat, al llarg de tota una jornada -de les 10 h. a les 19 h.- la Fira oferir\u00e0 als visitants\u00a0<strong>estands d\u2019oferta formativa<\/strong>,\u00a0<strong>punts d\u2019orientaci\u00f3<\/strong>,\u00a0<strong>espais d\u2019experi\u00e8ncies<\/strong>\u00a0i\u00a0<strong>formaci\u00f3 per a professionals<\/strong>; i tot, amb la participaci\u00f3 directa d\u2019instituts, acad\u00e8mies, serveis d\u2019orientaci\u00f3, cossos de seguretat i institucions que mostraran\u00a0<strong>diferents opcions formatives i professionals que existeixen a l\u2019Anoia Sud i en el seu \u00e0mbit d\u2019influ\u00e8ncia<\/strong>, tant per continuar estudiant com per reprendre els estudis.<\/p>\n<p><strong><u>De 10 h. a 13:30 h., a la Sala Polivalent de La F\u00e0brica Rogelio Rojo, i dirigit a alumnes de 4t d\u2019ESO amb visites concertades<\/u><\/strong><\/p>\n<p>. <strong>Estands d\u2019oferta formativa<\/strong>: diferents centres exposaran la seva oferta formativa, faran exhibicions i demostracions pr\u00e0ctiques amb l\u2019objectiu de mostrar al p\u00fablic com s\u00f3n els estudis que els proposen.<\/p>\n<p>. <strong>Espai d\u2019experi\u00e8ncies<\/strong>: professionals de diferents branques explicaran la seva experi\u00e8ncia entorn als estudis que han cursat i la feina que desenvolupen. Els visitants podran escollir les xerrades que m\u00e9s els interessin, les quals es faran a les sales del Casal de Joves i del CTC.<\/p>\n<p><strong>. Punt d\u2019orientaci\u00f3 personalitzada per a joves i fam\u00edlies:<\/strong> diversos professionals de l\u2019orientaci\u00f3 oferiran informaci\u00f3 i assessorament personalitzat als visitants sobre les diferents opcions per continuar estudiant.<\/p>\n<p><strong><u>De 16:30 h. a 19 h., al Casal de Joves, i dirigit a tots els joves i fam\u00edlies<\/u><\/strong><\/p>\n<p>. <strong>Informaci\u00f3 sobre l\u2019oferta formativa<\/strong>: el Casal de Joves reunir\u00e0 una mostra sobre les diferents sortides acad\u00e8miques que hi ha actualment. Els treballadors de l\u2019equipament atendran i orientaran els visitants.<\/p>\n<p>. <strong>Punt d\u2019orientaci\u00f3 personalitzada per a joves i<\/strong> <strong>fam\u00edlies<\/strong>: diversos professionals de l\u2019orientaci\u00f3 oferiran informaci\u00f3 i assessorament personalitzat als visitants sobre les diferents opcions per continuar estudiant.<\/p>\n<p><strong><u>Xerrades d\u2019orientaci\u00f3<\/u><\/strong><\/p>\n<p>Al llarg de la setmana de Fira Futur, tamb\u00e9 es realitzaran diverses\u00a0<strong>xerrades d\u2019orientaci\u00f3 adre\u00e7ades a diferents col\u00b7lectius<\/strong>.<\/p>\n<p>Podeu consultar el programa clicant <a href=\"https:\/\/ajmasquefa-multimedia-wp.s3.eu-central-1.amazonaws.com\/wp-content\/uploads\/sites\/22\/2019\/02\/27093645\/AJMQ-PROGRAMA_2019.pdf\">aqu\u00ed<\/a><\/p>\n","protected":false},"excerpt":{"rendered":"<p>La F\u00e0brica Rogelio Rojo i el Casal de Joves seran l\u2019escenari el 14 de mar\u00e7 d\u2019aquest projecte que ofereix als joves, a les seves fam\u00edlies i a les persones que volen seguir formant-se els recursos necessaris per tal d\u2019orientar millor el seu futur acad\u00e8mic i\/o professional.\u00a0Consulta el programa de la Fira Futur 2019. El 14&hellip;<\/p>\n","protected":false},"author":7,"featured_media":0,"comment_status":"closed","ping_status":"open","sticky":false,"template":"","format":"standard","meta":[],"categories":[96,62,1],"tags":[],"_links":{"self":[{"href":"https:\/\/masquefa.cat\/noticies\/wp-json\/wp\/v2\/posts\/22640"}],"collection":[{"href":"https:\/\/masquefa.cat\/noticies\/wp-json\/wp\/v2\/posts"}],"about":[{"href":"https:\/\/masquefa.cat\/noticies\/wp-json\/wp\/v2\/types\/post"}],"author":[{"embeddable":true,"href":"https:\/\/masquefa.cat\/noticies\/wp-json\/wp\/v2\/users\/7"}],"replies":[{"embeddable":true,"href":"https:\/\/masquefa.cat\/noticies\/wp-json\/wp\/v2\/comments?post=22640"}],"version-history":[{"count":3,"href":"https:\/\/masquefa.cat\/noticies\/wp-json\/wp\/v2\/posts\/22640\/revisions"}],"predecessor-version":[{"id":22655,"href":"https:\/\/masquefa.cat\/noticies\/wp-json\/wp\/v2\/posts\/22640\/revisions\/22655"}],"wp:attachment":[{"href":"https:\/\/masquefa.cat\/noticies\/wp-json\/wp\/v2\/media?parent=22640"}],"wp:term":[{"taxonomy":"category","embeddable":true,"href":"https:\/\/masquefa.cat\/noticies\/wp-json\/wp\/v2\/categories?post=22640"},{"taxonomy":"post_tag","embeddable":true,"href":"https:\/\/masquefa.cat\/noticies\/wp-json\/wp\/v2\/tags?post=22640"}],"curies":[{"name":"wp","href":"https:\/\/api.w.org\/{rel}","templated":true}]}}