{"id":22708,"date":"2019-09-23T10:45:36","date_gmt":"2019-09-23T08:45:36","guid":{"rendered":"http:\/\/masquefa.cat\/noticies\/?p=22708"},"modified":"2019-10-30T11:44:18","modified_gmt":"2019-10-30T10:44:18","slug":"la-policia-local-i-proteccio-civil-de-masquefa-sadhereixen-a-la-campanya-escuts-solidaris","status":"publish","type":"post","link":"https:\/\/masquefa.cat\/noticies\/la-policia-local-i-proteccio-civil-de-masquefa-sadhereixen-a-la-campanya-escuts-solidaris\/","title":{"rendered":"La Policia Local i Protecci\u00f3 Civil de Masquefa s\u2019adhereixen a la campanya \u2018Escuts Solidaris\u2019"},"content":{"rendered":"<p><strong>El cos policial posa a la venda escuts brodats d\u2019aparen\u00e7a similar als oficials de la Policia Local amb l\u2019objectiu de recaptar fons per a la lluita contra el c\u00e0ncer infantil. <\/strong><\/p>\n<p>La <strong>Policia Local i Protecci\u00f3 Civil de Masquefa<\/strong> s\u2019han adherit a la campanya <strong>\u2018Escuts Solidaris\u2019<\/strong>, impulsada per les policies de Sant Celoni, Caldes de Malavella i Hostalric amb l\u2019objectiu de recaptar diners destinats a la <strong>lluita contra el c\u00e0ncer infantil<\/strong>. Aix\u00ed, ja s&#8217;han posat a la venda a la comissaria de la Policia Local (en horari de 09 h. a 15:30 h.) escuts brodats d\u2019aparen\u00e7a similar als oficials de la Policia Local, per tal de recaptar fons per a la lluita contra el c\u00e0ncer.<\/p>\n<p><strong>Cada escut t\u00e9 un preu de 4\u20ac<\/strong>, que s&#8217;entregaran a l&#8217;<strong>hospital Sant Joan de D\u00e9u de Barcelona <\/strong>per ajudar a la creaci\u00f3 del <strong>SJD Pediatric Cancer Center<\/strong>, un nou centre hospitalari destinat a la investigaci\u00f3 i tractament del c\u00e0ncer infantil. Els escuts tenen tots el mateix format, amb fons negre i filets grocs que identifiquen la lluita contra el c\u00e0ncer infantil, i porten una cola termoadhesiva al dors que permet fixar-los a qualsevol pe\u00e7a de roba simplement passant-li la planxa. D&#8217;aquesta manera, <strong>es poden enganxar f\u00e0cilment a camises, dessuadores o motxilles<\/strong>.<\/p>\n<p>La campanya, que es pot seguir a trav\u00e9s de les xarxes socials amb l\u2019etiqueta <strong>#pelsvalents<\/strong>, compta actualment amb m\u00e9s de 150 policies locals adherides i ja ha recaptat prop de 200.000\u20ac arreu del territori.<\/p>\n","protected":false},"excerpt":{"rendered":"<p>El cos policial posa a la venda escuts brodats d\u2019aparen\u00e7a similar als oficials de la Policia Local amb l\u2019objectiu de recaptar fons per a la lluita contra el c\u00e0ncer infantil. La Policia Local i Protecci\u00f3 Civil de Masquefa s\u2019han adherit a la campanya \u2018Escuts Solidaris\u2019, impulsada per les policies de Sant Celoni, Caldes de Malavella&hellip;<\/p>\n","protected":false},"author":7,"featured_media":22709,"comment_status":"closed","ping_status":"open","sticky":false,"template":"","format":"standard","meta":[],"categories":[96,1,69],"tags":[],"_links":{"self":[{"href":"https:\/\/masquefa.cat\/noticies\/wp-json\/wp\/v2\/posts\/22708"}],"collection":[{"href":"https:\/\/masquefa.cat\/noticies\/wp-json\/wp\/v2\/posts"}],"about":[{"href":"https:\/\/masquefa.cat\/noticies\/wp-json\/wp\/v2\/types\/post"}],"author":[{"embeddable":true,"href":"https:\/\/masquefa.cat\/noticies\/wp-json\/wp\/v2\/users\/7"}],"replies":[{"embeddable":true,"href":"https:\/\/masquefa.cat\/noticies\/wp-json\/wp\/v2\/comments?post=22708"}],"version-history":[{"count":3,"href":"https:\/\/masquefa.cat\/noticies\/wp-json\/wp\/v2\/posts\/22708\/revisions"}],"predecessor-version":[{"id":22920,"href":"https:\/\/masquefa.cat\/noticies\/wp-json\/wp\/v2\/posts\/22708\/revisions\/22920"}],"wp:featuredmedia":[{"embeddable":true,"href":"https:\/\/masquefa.cat\/noticies\/wp-json\/wp\/v2\/media\/22709"}],"wp:attachment":[{"href":"https:\/\/masquefa.cat\/noticies\/wp-json\/wp\/v2\/media?parent=22708"}],"wp:term":[{"taxonomy":"category","embeddable":true,"href":"https:\/\/masquefa.cat\/noticies\/wp-json\/wp\/v2\/categories?post=22708"},{"taxonomy":"post_tag","embeddable":true,"href":"https:\/\/masquefa.cat\/noticies\/wp-json\/wp\/v2\/tags?post=22708"}],"curies":[{"name":"wp","href":"https:\/\/api.w.org\/{rel}","templated":true}]}}