{"id":22767,"date":"2019-03-11T12:10:37","date_gmt":"2019-03-11T11:10:37","guid":{"rendered":"http:\/\/masquefa.cat\/noticies\/?p=22767"},"modified":"2019-03-11T12:11:40","modified_gmt":"2019-03-11T11:11:40","slug":"exposicio-publica-del-cens-electoral-per-a-les-eleccions-a-les-corts-generals-2019","status":"publish","type":"post","link":"https:\/\/masquefa.cat\/noticies\/exposicio-publica-del-cens-electoral-per-a-les-eleccions-a-les-corts-generals-2019\/","title":{"rendered":"Exposici\u00f3 p\u00fablica del cens electoral per a les eleccions a les Corts Generals 2019"},"content":{"rendered":"<p><strong>Totes aquelles persones interessades podran presentar reclamacions sobre actualitzaci\u00f3, inclusi\u00f3, exclusi\u00f3 o modificaci\u00f3 de dades, adre\u00e7ant-se al consistori en horari d\u2019oficines. <\/strong><\/p>\n<p>L&#8217;<strong>Ajuntament de Masquefa<\/strong>\u00a0informa que\u00a0es troba exposat al p\u00fablic, a les oficines municipals,\u00a0<strong>de l\u201911 al 18 de mar\u00e7<\/strong>\u00a0(ambd\u00f3s inclosos), el\u00a0<strong>cens electoral per a les eleccions a les Corts Generals 2019<\/strong>.<\/p>\n","protected":false},"excerpt":{"rendered":"<p>Totes aquelles persones interessades podran presentar reclamacions sobre actualitzaci\u00f3, inclusi\u00f3, exclusi\u00f3 o modificaci\u00f3 de dades, adre\u00e7ant-se al consistori en horari d\u2019oficines. L&#8217;Ajuntament de Masquefa\u00a0informa que\u00a0es troba exposat al p\u00fablic, a les oficines municipals,\u00a0de l\u201911 al 18 de mar\u00e7\u00a0(ambd\u00f3s inclosos), el\u00a0cens electoral per a les eleccions a les Corts Generals 2019.<\/p>\n","protected":false},"author":7,"featured_media":22302,"comment_status":"closed","ping_status":"open","sticky":false,"template":"","format":"standard","meta":[],"categories":[96,1,54],"tags":[],"_links":{"self":[{"href":"https:\/\/masquefa.cat\/noticies\/wp-json\/wp\/v2\/posts\/22767"}],"collection":[{"href":"https:\/\/masquefa.cat\/noticies\/wp-json\/wp\/v2\/posts"}],"about":[{"href":"https:\/\/masquefa.cat\/noticies\/wp-json\/wp\/v2\/types\/post"}],"author":[{"embeddable":true,"href":"https:\/\/masquefa.cat\/noticies\/wp-json\/wp\/v2\/users\/7"}],"replies":[{"embeddable":true,"href":"https:\/\/masquefa.cat\/noticies\/wp-json\/wp\/v2\/comments?post=22767"}],"version-history":[{"count":2,"href":"https:\/\/masquefa.cat\/noticies\/wp-json\/wp\/v2\/posts\/22767\/revisions"}],"predecessor-version":[{"id":22769,"href":"https:\/\/masquefa.cat\/noticies\/wp-json\/wp\/v2\/posts\/22767\/revisions\/22769"}],"wp:featuredmedia":[{"embeddable":true,"href":"https:\/\/masquefa.cat\/noticies\/wp-json\/wp\/v2\/media\/22302"}],"wp:attachment":[{"href":"https:\/\/masquefa.cat\/noticies\/wp-json\/wp\/v2\/media?parent=22767"}],"wp:term":[{"taxonomy":"category","embeddable":true,"href":"https:\/\/masquefa.cat\/noticies\/wp-json\/wp\/v2\/categories?post=22767"},{"taxonomy":"post_tag","embeddable":true,"href":"https:\/\/masquefa.cat\/noticies\/wp-json\/wp\/v2\/tags?post=22767"}],"curies":[{"name":"wp","href":"https:\/\/api.w.org\/{rel}","templated":true}]}}