{"id":22801,"date":"2019-03-19T12:14:40","date_gmt":"2019-03-19T11:14:40","guid":{"rendered":"http:\/\/masquefa.cat\/noticies\/?p=22801"},"modified":"2019-03-19T12:14:40","modified_gmt":"2019-03-19T11:14:40","slug":"comenca-la-primera-fase-de-millora-al-poligon-de-la-pedrosa","status":"publish","type":"post","link":"https:\/\/masquefa.cat\/noticies\/comenca-la-primera-fase-de-millora-al-poligon-de-la-pedrosa\/","title":{"rendered":"Comen\u00e7a la primera fase de millora al pol\u00edgon de la Pedrosa"},"content":{"rendered":"<p><strong>Els treballs \u00e9s previst que tinguin una durada aproximada d\u2019un mes i mig.<\/strong><\/p>\n<p>L\u2019A<strong>juntament de Masquefa<\/strong>, a trav\u00e9s de la <strong>Regidoria d\u2019Urbanisme<\/strong>, ha donat el tret de sortida aquesta setmana als treballs de la primera fase del projecte d\u2019<strong>arranjament del pol\u00edgon industrial de la Pedrosa<\/strong>. L\u2019actuaci\u00f3, amb un pressupost de 156.885,42\u20ac, \u00e9s previst que tingui una durada aproximada d\u2019un mes i mig.<\/p>\n<p>L\u2019obra implica el tram que va des de la rotonda de l\u2019Era fins a les instal\u00b7lacions de l\u2019empresa Mercadona i consisteix en l\u2019habilitaci\u00f3 de nou asfaltat, l\u2019ampliaci\u00f3 de les voreres, la col\u00b7locaci\u00f3 de nou arbrat i la instal\u00b7laci\u00f3 d\u2019il\u00b7luminaci\u00f3 LED a l\u2019enllumenat p\u00fablic; amb l\u2019objectiu de <strong>millorar l\u2019accessibilitat, la mobilitat i la seguretat al pol\u00edgon<\/strong>.<\/p>\n","protected":false},"excerpt":{"rendered":"<p>Els treballs \u00e9s previst que tinguin una durada aproximada d\u2019un mes i mig. L\u2019Ajuntament de Masquefa, a trav\u00e9s de la Regidoria d\u2019Urbanisme, ha donat el tret de sortida aquesta setmana als treballs de la primera fase del projecte d\u2019arranjament del pol\u00edgon industrial de la Pedrosa. L\u2019actuaci\u00f3, amb un pressupost de 156.885,42\u20ac, \u00e9s previst que tingui&hellip;<\/p>\n","protected":false},"author":7,"featured_media":22802,"comment_status":"closed","ping_status":"open","sticky":false,"template":"","format":"standard","meta":[],"categories":[96,1,73],"tags":[],"_links":{"self":[{"href":"https:\/\/masquefa.cat\/noticies\/wp-json\/wp\/v2\/posts\/22801"}],"collection":[{"href":"https:\/\/masquefa.cat\/noticies\/wp-json\/wp\/v2\/posts"}],"about":[{"href":"https:\/\/masquefa.cat\/noticies\/wp-json\/wp\/v2\/types\/post"}],"author":[{"embeddable":true,"href":"https:\/\/masquefa.cat\/noticies\/wp-json\/wp\/v2\/users\/7"}],"replies":[{"embeddable":true,"href":"https:\/\/masquefa.cat\/noticies\/wp-json\/wp\/v2\/comments?post=22801"}],"version-history":[{"count":1,"href":"https:\/\/masquefa.cat\/noticies\/wp-json\/wp\/v2\/posts\/22801\/revisions"}],"predecessor-version":[{"id":22803,"href":"https:\/\/masquefa.cat\/noticies\/wp-json\/wp\/v2\/posts\/22801\/revisions\/22803"}],"wp:featuredmedia":[{"embeddable":true,"href":"https:\/\/masquefa.cat\/noticies\/wp-json\/wp\/v2\/media\/22802"}],"wp:attachment":[{"href":"https:\/\/masquefa.cat\/noticies\/wp-json\/wp\/v2\/media?parent=22801"}],"wp:term":[{"taxonomy":"category","embeddable":true,"href":"https:\/\/masquefa.cat\/noticies\/wp-json\/wp\/v2\/categories?post=22801"},{"taxonomy":"post_tag","embeddable":true,"href":"https:\/\/masquefa.cat\/noticies\/wp-json\/wp\/v2\/tags?post=22801"}],"curies":[{"name":"wp","href":"https:\/\/api.w.org\/{rel}","templated":true}]}}