{"id":23000,"date":"2019-04-30T10:15:33","date_gmt":"2019-04-30T08:15:33","guid":{"rendered":"http:\/\/masquefa.cat\/noticies\/?p=23000"},"modified":"2019-04-30T10:16:12","modified_gmt":"2019-04-30T08:16:12","slug":"lajuntament-incorpora-nou-personal","status":"publish","type":"post","link":"https:\/\/masquefa.cat\/noticies\/lajuntament-incorpora-nou-personal\/","title":{"rendered":"L\u2019Ajuntament incorpora nou personal"},"content":{"rendered":"<p>Aquest mes d\u2019abril, l\u2019<strong>Ajuntament de Masquefa <\/strong>ha formalitzat la incorporaci\u00f3 d\u2019una <strong>funcion\u00e0ria interina, t\u00e8cnica mig, de Serveis Econ\u00f2mics<\/strong>; i d\u2019una <strong>funcion\u00e0ria interina, t\u00e8cnica mig, de Recursos Humans<\/strong>; i ha fet efectiva la pr\u00f2rroga del contracte en pr\u00e0ctiques de dues <strong>administratives de suport a l\u2019\u00e0rea de Serveis Econ\u00f2mics<\/strong>.<\/p>\n<p>La senyora <strong>N\u00faria Card\u00fas Marcos <\/strong>ha estat nomenada funcion\u00e0ria interina, t\u00e8cnica mig, de Serveis Econ\u00f2mics des de l\u20191 de maig de 2019 i fins a la convocat\u00f2ria definitiva de la pla\u00e7a; mentrestant, la senyora <strong>Isabel Fern\u00e1ndez Fern\u00e1ndez <\/strong>ha estat nomenada funcion\u00e0ria interina, t\u00e8cnica mig, de Recursos Humans des de l\u20191 de maig de 2019 i fins a la convocat\u00f2ria definitiva de la pla\u00e7a.<\/p>\n<p>Finalment, tamb\u00e9 s\u2019ha fet efectiva des de l\u20191 de maig i fins al 31 d\u2019agost de 2019 la pr\u00f2rroga del contracte de treball en pr\u00e0ctiques de la senyora <strong>M\u00edriam Pe\u00f1alver Roman<\/strong> com a administrativa de suport a l\u2019\u00e0rea de Serveis Econ\u00f2mics i l\u2019OAV; i la pr\u00f2rroga del contracte de treball en pr\u00e0ctiques de la senyora <strong>Tyfani Avil\u00e9s Andrade<\/strong> com a administrativa de suport a l\u2019\u00e0rea de Serveis Econ\u00f2mics fins al 30 d\u2019abril de 2020.<\/p>\n<p>&nbsp;<\/p>\n<p><img decoding=\"async\" loading=\"lazy\" class=\" wp-image-23002 aligncenter\" src=\"https:\/\/ajmasquefa-multimedia-wp.s3.eu-central-1.amazonaws.com\/wp-content\/uploads\/sites\/22\/2019\/04\/30101337\/M%C3%ADriam-Pe%C3%B1alver-Roman.jpg\" alt=\"\" width=\"840\" height=\"630\" srcset=\"https:\/\/ajmasquefa-multimedia-wp.s3.eu-central-1.amazonaws.com\/wp-content\/uploads\/sites\/22\/2019\/04\/30101337\/M%C3%ADriam-Pe%C3%B1alver-Roman.jpg 1600w, https:\/\/ajmasquefa-multimedia-wp.s3.eu-central-1.amazonaws.com\/wp-content\/uploads\/sites\/22\/2019\/04\/30101337\/M%C3%ADriam-Pe%C3%B1alver-Roman-300x225.jpg 300w, https:\/\/ajmasquefa-multimedia-wp.s3.eu-central-1.amazonaws.com\/wp-content\/uploads\/sites\/22\/2019\/04\/30101337\/M%C3%ADriam-Pe%C3%B1alver-Roman-768x576.jpg 768w, https:\/\/ajmasquefa-multimedia-wp.s3.eu-central-1.amazonaws.com\/wp-content\/uploads\/sites\/22\/2019\/04\/30101337\/M%C3%ADriam-Pe%C3%B1alver-Roman-1024x768.jpg 1024w, https:\/\/ajmasquefa-multimedia-wp.s3.eu-central-1.amazonaws.com\/wp-content\/uploads\/sites\/22\/2019\/04\/30101337\/M%C3%ADriam-Pe%C3%B1alver-Roman-600x450.jpg 600w\" sizes=\"(max-width: 840px) 100vw, 840px\" \/><\/p>\n","protected":false},"excerpt":{"rendered":"<p>Aquest mes d\u2019abril, l\u2019Ajuntament de Masquefa ha formalitzat la incorporaci\u00f3 d\u2019una funcion\u00e0ria interina, t\u00e8cnica mig, de Serveis Econ\u00f2mics; i d\u2019una funcion\u00e0ria interina, t\u00e8cnica mig, de Recursos Humans; i ha fet efectiva la pr\u00f2rroga del contracte en pr\u00e0ctiques de dues administratives de suport a l\u2019\u00e0rea de Serveis Econ\u00f2mics. La senyora N\u00faria Card\u00fas Marcos ha estat nomenada&hellip;<\/p>\n","protected":false},"author":7,"featured_media":23001,"comment_status":"closed","ping_status":"open","sticky":false,"template":"","format":"standard","meta":[],"categories":[95],"tags":[],"_links":{"self":[{"href":"https:\/\/masquefa.cat\/noticies\/wp-json\/wp\/v2\/posts\/23000"}],"collection":[{"href":"https:\/\/masquefa.cat\/noticies\/wp-json\/wp\/v2\/posts"}],"about":[{"href":"https:\/\/masquefa.cat\/noticies\/wp-json\/wp\/v2\/types\/post"}],"author":[{"embeddable":true,"href":"https:\/\/masquefa.cat\/noticies\/wp-json\/wp\/v2\/users\/7"}],"replies":[{"embeddable":true,"href":"https:\/\/masquefa.cat\/noticies\/wp-json\/wp\/v2\/comments?post=23000"}],"version-history":[{"count":1,"href":"https:\/\/masquefa.cat\/noticies\/wp-json\/wp\/v2\/posts\/23000\/revisions"}],"predecessor-version":[{"id":23003,"href":"https:\/\/masquefa.cat\/noticies\/wp-json\/wp\/v2\/posts\/23000\/revisions\/23003"}],"wp:featuredmedia":[{"embeddable":true,"href":"https:\/\/masquefa.cat\/noticies\/wp-json\/wp\/v2\/media\/23001"}],"wp:attachment":[{"href":"https:\/\/masquefa.cat\/noticies\/wp-json\/wp\/v2\/media?parent=23000"}],"wp:term":[{"taxonomy":"category","embeddable":true,"href":"https:\/\/masquefa.cat\/noticies\/wp-json\/wp\/v2\/categories?post=23000"},{"taxonomy":"post_tag","embeddable":true,"href":"https:\/\/masquefa.cat\/noticies\/wp-json\/wp\/v2\/tags?post=23000"}],"curies":[{"name":"wp","href":"https:\/\/api.w.org\/{rel}","templated":true}]}}