{"id":23171,"date":"2019-05-31T12:04:15","date_gmt":"2019-05-31T10:04:15","guid":{"rendered":"http:\/\/masquefa.cat\/noticies\/?p=23171"},"modified":"2019-05-31T12:12:22","modified_gmt":"2019-05-31T10:12:22","slug":"la-policia-local-dete-una-persona-per-un-presumpte-delicte-contra-la-salut-publica","status":"publish","type":"post","link":"https:\/\/masquefa.cat\/noticies\/la-policia-local-dete-una-persona-per-un-presumpte-delicte-contra-la-salut-publica\/","title":{"rendered":"La Policia Local det\u00e9 una persona per un presumpte delicte contra la salut p\u00fablica"},"content":{"rendered":"<p align=\"justify\"><strong>Policia Local i Mossos d\u2019Esquadra han decomissat en un habitatge d\u2019El Maset un total de 240 plantes de marihuana i divers material utilitzat pel seu cultiu.<\/strong><\/p>\n<p align=\"justify\"><span lang=\"ca-ES\">El passat 28 de maig, la Policia Local va procedir a la <\/span><strong><span lang=\"ca-ES\">detenci\u00f3 d\u2019una persona a El Maset<\/span><\/strong><span lang=\"ca-ES\"> acusada d\u2019un <\/span><strong><span lang=\"ca-ES\">presumpte delicte contra la salut p\u00fablica i defraudaci\u00f3 de fluid el\u00e8ctric<\/span><\/strong><span lang=\"ca-ES\">. <\/span><\/p>\n<p align=\"justify\"><span lang=\"ca-ES\">La detenci\u00f3 es va dur a terme en un habitatge situat al carrer Ripoll\u00e8s d\u2019aquesta urbanitzaci\u00f3 on la Policia Local i el cos de Mossos d\u2019Esquadra d\u2019Igualada van decomissar <\/span><strong><span lang=\"ca-ES\">240 plantes de marihuana i divers material utilitzat pel cultiu<\/span><\/strong><span lang=\"ca-ES\">; entre ell, l\u00e0mpades i transformadors. En aquest sentit, la instal\u00b7laci\u00f3 estava preparada per acollir el cultiu de fins a 1.500 plantes. <\/span><\/p>\n<p align=\"justify\"><span lang=\"ca-ES\">L\u2019actuaci\u00f3 va ser el resultat de setmanes de treball d\u2019ambd\u00f3s cossos policials, que al llarg dels darrers mesos havien realitzat diverses tasques de vigil\u00e0ncia en aquest habitatge amb l\u2019objectiu d\u2019avaluar el cas i actuar en el moment oport\u00fa. Amb tot, la detenci\u00f3 es va haver d\u2019avan\u00e7ar sobre els terminis previstos despr\u00e9s que una patrulla de la Policia Local detect\u00e9s que s\u2019estaven extraient de l\u2019habitatge bosses de compost i restes de plantes de marihuana mitjan\u00e7ant una furgoneta que, posteriorment, va ser interceptada. Conseq\u00fcentment, l\u2019habitatge va quedar custodiat fins el dia 28 de maig, quan ja es va procedir a l\u2019entrada i detenci\u00f3 d\u2019una persona. <\/span><\/p>\n<p align=\"justify\"><span lang=\"ca-ES\">L\u2019Ajuntament agraeix i posa en valor la tasca professional i de primer nivell del cos de la Policia Local, aix\u00ed com la col\u00b7laboraci\u00f3 dels Mossos d\u2019Esquadra d\u2019Igualada en aquesta intervenci\u00f3 policial. <\/span><\/p>\n","protected":false},"excerpt":{"rendered":"<p>Policia Local i Mossos d\u2019Esquadra han decomissat en un habitatge d\u2019El Maset un total de 240 plantes de marihuana i divers material utilitzat pel seu cultiu. El passat 28 de maig, la Policia Local va procedir a la detenci\u00f3 d\u2019una persona a El Maset acusada d\u2019un presumpte delicte contra la salut p\u00fablica i defraudaci\u00f3 de&hellip;<\/p>\n","protected":false},"author":7,"featured_media":22706,"comment_status":"closed","ping_status":"open","sticky":false,"template":"","format":"standard","meta":[],"categories":[96,64,69],"tags":[],"_links":{"self":[{"href":"https:\/\/masquefa.cat\/noticies\/wp-json\/wp\/v2\/posts\/23171"}],"collection":[{"href":"https:\/\/masquefa.cat\/noticies\/wp-json\/wp\/v2\/posts"}],"about":[{"href":"https:\/\/masquefa.cat\/noticies\/wp-json\/wp\/v2\/types\/post"}],"author":[{"embeddable":true,"href":"https:\/\/masquefa.cat\/noticies\/wp-json\/wp\/v2\/users\/7"}],"replies":[{"embeddable":true,"href":"https:\/\/masquefa.cat\/noticies\/wp-json\/wp\/v2\/comments?post=23171"}],"version-history":[{"count":2,"href":"https:\/\/masquefa.cat\/noticies\/wp-json\/wp\/v2\/posts\/23171\/revisions"}],"predecessor-version":[{"id":23173,"href":"https:\/\/masquefa.cat\/noticies\/wp-json\/wp\/v2\/posts\/23171\/revisions\/23173"}],"wp:featuredmedia":[{"embeddable":true,"href":"https:\/\/masquefa.cat\/noticies\/wp-json\/wp\/v2\/media\/22706"}],"wp:attachment":[{"href":"https:\/\/masquefa.cat\/noticies\/wp-json\/wp\/v2\/media?parent=23171"}],"wp:term":[{"taxonomy":"category","embeddable":true,"href":"https:\/\/masquefa.cat\/noticies\/wp-json\/wp\/v2\/categories?post=23171"},{"taxonomy":"post_tag","embeddable":true,"href":"https:\/\/masquefa.cat\/noticies\/wp-json\/wp\/v2\/tags?post=23171"}],"curies":[{"name":"wp","href":"https:\/\/api.w.org\/{rel}","templated":true}]}}