{"id":23207,"date":"2019-06-19T08:00:09","date_gmt":"2019-06-19T06:00:09","guid":{"rendered":"http:\/\/masquefa.cat\/noticies\/?p=23207"},"modified":"2019-07-08T08:45:46","modified_gmt":"2019-07-08T06:45:46","slug":"el-kap-de-setmana-jove-2019-arriba-farcit-de-noves-propostes","status":"publish","type":"post","link":"https:\/\/masquefa.cat\/noticies\/el-kap-de-setmana-jove-2019-arriba-farcit-de-noves-propostes\/","title":{"rendered":"El Kap de Setmana Jove 2019 arriba farcit de noves propostes"},"content":{"rendered":"<p><strong>Del 5 al 7 de juliol se celebraran prop d\u2019una desena d\u2019activitats destinades al col\u00b7lectiu juvenil de Masquefa.<\/strong><\/p>\n<p>El cap de setmana del <strong>5, 6 i 7 de juliol<\/strong> Masquefa viur\u00e0 el <strong>Kap de Setmana Jove<\/strong> <strong>2019<\/strong> amb un seguit d&#8217;activitats organitzades conjuntament per l&#8217;Ajuntament i la Comissi\u00f3 de Joves KSJ. Durant aquells dies els joves seran els principals protagonistes de la vila, ja que des de divendres a la nit fins al diumenge s&#8217;oferiran un ampli ventall de propostes dirigides, fonamentalment, al col\u00b7lectiu jove del municipi.<\/p>\n<p>El <strong>Sopar de l\u2019Euro<\/strong> donar\u00e0 el tret de sortida, el divendres 5 a la pla\u00e7a Josep Maria Vila, al cap de setmana festiu.\u00a0 Enguany l\u2019\u00e0pat constar\u00e0 d\u2019una hamburguesa complerta (de carn o vegetal) amb patates, aigua i postres pel preu d\u20191\u20ac. I tot seguit se celebrar\u00e0 la 4a edici\u00f3 del concurs de Talents <strong><a href=\"http:\/\/masquefa.cat\/noticies\/demostra-totes-les-teves-habilitats-al-masquefa-got-talent-2019\/\">\u201cMasquefa Got Talent\u201d<\/a><\/strong>.<\/p>\n<p>Ja l\u2019endem\u00e0, l\u2019activitat es reprendr\u00e0 amb un <strong>batalla de galls<\/strong>, l\u2019<strong>Empalmada Jove <\/strong>i un <strong>esmorzar popular<\/strong>. El Kap de Setmana Jove clour\u00e0 diumenge amb un <strong>espectacle de m\u00e0gia <\/strong>a c\u00e0rrec del masquef\u00ed Javi M\u00e9ndez<strong>, <\/strong>\u00a0i una <strong>gelatada popular<\/strong>. Tots les activitats s\u00f3n gratu\u00eftes i\u00a0 es realitzaran a la pla\u00e7a Josep Maria Vila.<\/p>\n<p>Per a m\u00e9s informaci\u00f3, podeu visitar els perfils de <strong><a href=\"https:\/\/www.facebook.com\/rojopuntjove\/\">Facebook<\/a><\/strong> i d\u2019<strong><a href=\"https:\/\/www.instagram.com\/ksj_masquefa\/\">Instagram<\/a><\/strong> del Casal de Joves.<\/p>\n<p>&nbsp;<\/p>\n","protected":false},"excerpt":{"rendered":"<p>Del 5 al 7 de juliol se celebraran prop d\u2019una desena d\u2019activitats destinades al col\u00b7lectiu juvenil de Masquefa. El cap de setmana del 5, 6 i 7 de juliol Masquefa viur\u00e0 el Kap de Setmana Jove 2019 amb un seguit d&#8217;activitats organitzades conjuntament per l&#8217;Ajuntament i la Comissi\u00f3 de Joves KSJ. Durant aquells dies els&hellip;<\/p>\n","protected":false},"author":7,"featured_media":23208,"comment_status":"closed","ping_status":"open","sticky":false,"template":"","format":"standard","meta":[],"categories":[96,1,65],"tags":[],"_links":{"self":[{"href":"https:\/\/masquefa.cat\/noticies\/wp-json\/wp\/v2\/posts\/23207"}],"collection":[{"href":"https:\/\/masquefa.cat\/noticies\/wp-json\/wp\/v2\/posts"}],"about":[{"href":"https:\/\/masquefa.cat\/noticies\/wp-json\/wp\/v2\/types\/post"}],"author":[{"embeddable":true,"href":"https:\/\/masquefa.cat\/noticies\/wp-json\/wp\/v2\/users\/7"}],"replies":[{"embeddable":true,"href":"https:\/\/masquefa.cat\/noticies\/wp-json\/wp\/v2\/comments?post=23207"}],"version-history":[{"count":2,"href":"https:\/\/masquefa.cat\/noticies\/wp-json\/wp\/v2\/posts\/23207\/revisions"}],"predecessor-version":[{"id":23210,"href":"https:\/\/masquefa.cat\/noticies\/wp-json\/wp\/v2\/posts\/23207\/revisions\/23210"}],"wp:featuredmedia":[{"embeddable":true,"href":"https:\/\/masquefa.cat\/noticies\/wp-json\/wp\/v2\/media\/23208"}],"wp:attachment":[{"href":"https:\/\/masquefa.cat\/noticies\/wp-json\/wp\/v2\/media?parent=23207"}],"wp:term":[{"taxonomy":"category","embeddable":true,"href":"https:\/\/masquefa.cat\/noticies\/wp-json\/wp\/v2\/categories?post=23207"},{"taxonomy":"post_tag","embeddable":true,"href":"https:\/\/masquefa.cat\/noticies\/wp-json\/wp\/v2\/tags?post=23207"}],"curies":[{"name":"wp","href":"https:\/\/api.w.org\/{rel}","templated":true}]}}