{"id":23229,"date":"2019-06-14T13:35:11","date_gmt":"2019-06-14T11:35:11","guid":{"rendered":"http:\/\/masquefa.cat\/noticies\/?p=23229"},"modified":"2019-06-14T13:35:11","modified_gmt":"2019-06-14T11:35:11","slug":"lajuntament-incorpora-un-estudiant-en-practiques","status":"publish","type":"post","link":"https:\/\/masquefa.cat\/noticies\/lajuntament-incorpora-un-estudiant-en-practiques\/","title":{"rendered":"L\u2019Ajuntament incorpora un estudiant en pr\u00e0ctiques"},"content":{"rendered":"<p><strong>Koite Kadiatou realitzar\u00e0 tasques relacionades amb operacions auxiliars de serveis administratius i generals. <\/strong><\/p>\n<p>Aquest mes de juny, l\u2019<strong>Ajuntament de Masquefa <\/strong>ha incorporat a les depend\u00e8ncies del <strong>Centre Tecnol\u00f2gic Comunitari<\/strong> (CTC) un <strong>estudiant en pr\u00e0ctiques<\/strong> a trav\u00e9s d\u2019un conveni de col\u00b7laboraci\u00f3 entre els consistoris masquef\u00ed i de Piera.<\/p>\n<p><strong>Koite Kadiatou<\/strong> ocupa el seu nou lloc de treball des del passat 13 de juny i fins al 27 de juny d\u2019aquest 2019, amb el seg\u00fcent horari: de dilluns a divendres, de 09 h a 13 h.<\/p>\n","protected":false},"excerpt":{"rendered":"<p>Koite Kadiatou realitzar\u00e0 tasques relacionades amb operacions auxiliars de serveis administratius i generals. Aquest mes de juny, l\u2019Ajuntament de Masquefa ha incorporat a les depend\u00e8ncies del Centre Tecnol\u00f2gic Comunitari (CTC) un estudiant en pr\u00e0ctiques a trav\u00e9s d\u2019un conveni de col\u00b7laboraci\u00f3 entre els consistoris masquef\u00ed i de Piera. Koite Kadiatou ocupa el seu nou lloc de&hellip;<\/p>\n","protected":false},"author":7,"featured_media":23230,"comment_status":"closed","ping_status":"open","sticky":false,"template":"","format":"standard","meta":[],"categories":[95],"tags":[],"_links":{"self":[{"href":"https:\/\/masquefa.cat\/noticies\/wp-json\/wp\/v2\/posts\/23229"}],"collection":[{"href":"https:\/\/masquefa.cat\/noticies\/wp-json\/wp\/v2\/posts"}],"about":[{"href":"https:\/\/masquefa.cat\/noticies\/wp-json\/wp\/v2\/types\/post"}],"author":[{"embeddable":true,"href":"https:\/\/masquefa.cat\/noticies\/wp-json\/wp\/v2\/users\/7"}],"replies":[{"embeddable":true,"href":"https:\/\/masquefa.cat\/noticies\/wp-json\/wp\/v2\/comments?post=23229"}],"version-history":[{"count":2,"href":"https:\/\/masquefa.cat\/noticies\/wp-json\/wp\/v2\/posts\/23229\/revisions"}],"predecessor-version":[{"id":23249,"href":"https:\/\/masquefa.cat\/noticies\/wp-json\/wp\/v2\/posts\/23229\/revisions\/23249"}],"wp:featuredmedia":[{"embeddable":true,"href":"https:\/\/masquefa.cat\/noticies\/wp-json\/wp\/v2\/media\/23230"}],"wp:attachment":[{"href":"https:\/\/masquefa.cat\/noticies\/wp-json\/wp\/v2\/media?parent=23229"}],"wp:term":[{"taxonomy":"category","embeddable":true,"href":"https:\/\/masquefa.cat\/noticies\/wp-json\/wp\/v2\/categories?post=23229"},{"taxonomy":"post_tag","embeddable":true,"href":"https:\/\/masquefa.cat\/noticies\/wp-json\/wp\/v2\/tags?post=23229"}],"curies":[{"name":"wp","href":"https:\/\/api.w.org\/{rel}","templated":true}]}}