{"id":23257,"date":"2019-06-21T11:29:56","date_gmt":"2019-06-21T09:29:56","guid":{"rendered":"http:\/\/masquefa.cat\/noticies\/?p=23257"},"modified":"2019-06-21T11:29:56","modified_gmt":"2019-06-21T09:29:56","slug":"gaudeix-de-lestiu-al-casal-de-joves","status":"publish","type":"post","link":"https:\/\/masquefa.cat\/noticies\/gaudeix-de-lestiu-al-casal-de-joves\/","title":{"rendered":"Gaudeix de l\u2019estiu al Casal de Joves"},"content":{"rendered":"<p><strong>Del 25 de juny al 18 de juliol, el Casal de Joves obrir\u00e0 en horari de tardes per oferir als joves que han acabat 6\u00e8 de Prim\u00e0ria un ampli ventall de propostes.<\/strong><\/p>\n<p>El\u00a0<strong>Casal de Joves<\/strong>\u00a0de Masquefa obre un estiu m\u00e9s les seves portes en horari de tardes per oferir als joves que enguany han finalitzat\u00a0<strong>6\u00e8 de prim\u00e0ria<\/strong>\u00a0un\u00a0<strong>ampli ventall d\u2019activitats l\u00fadiques i estiuenques<\/strong>\u00a0adaptades als seus gustos i interessos.<\/p>\n<p>Amb aquesta proposta, l\u2019Ajuntament vol oferir a aquests joves un\u00a0<strong>primer contacte amb el Casal<\/strong>\u00a0i amb els educadors que el dinamitzen. Aix\u00ed, a m\u00e9s de poder accedir al Casal en l\u2019horari habitual d\u2019obertura, s\u2019han dissenyat diverses <strong>activitats gratu\u00eftes<\/strong> de tarda destinades a aquests joves i que es duran a terme a partir de les 17.30 h sense inscripci\u00f3 pr\u00e8via.<\/p>\n<p>&nbsp;<\/p>\n","protected":false},"excerpt":{"rendered":"<p>Del 25 de juny al 18 de juliol, el Casal de Joves obrir\u00e0 en horari de tardes per oferir als joves que han acabat 6\u00e8 de Prim\u00e0ria un ampli ventall de propostes. El\u00a0Casal de Joves\u00a0de Masquefa obre un estiu m\u00e9s les seves portes en horari de tardes per oferir als joves que enguany han finalitzat\u00a06\u00e8&hellip;<\/p>\n","protected":false},"author":7,"featured_media":23258,"comment_status":"closed","ping_status":"open","sticky":false,"template":"","format":"standard","meta":[],"categories":[96,1,65],"tags":[],"_links":{"self":[{"href":"https:\/\/masquefa.cat\/noticies\/wp-json\/wp\/v2\/posts\/23257"}],"collection":[{"href":"https:\/\/masquefa.cat\/noticies\/wp-json\/wp\/v2\/posts"}],"about":[{"href":"https:\/\/masquefa.cat\/noticies\/wp-json\/wp\/v2\/types\/post"}],"author":[{"embeddable":true,"href":"https:\/\/masquefa.cat\/noticies\/wp-json\/wp\/v2\/users\/7"}],"replies":[{"embeddable":true,"href":"https:\/\/masquefa.cat\/noticies\/wp-json\/wp\/v2\/comments?post=23257"}],"version-history":[{"count":1,"href":"https:\/\/masquefa.cat\/noticies\/wp-json\/wp\/v2\/posts\/23257\/revisions"}],"predecessor-version":[{"id":23259,"href":"https:\/\/masquefa.cat\/noticies\/wp-json\/wp\/v2\/posts\/23257\/revisions\/23259"}],"wp:featuredmedia":[{"embeddable":true,"href":"https:\/\/masquefa.cat\/noticies\/wp-json\/wp\/v2\/media\/23258"}],"wp:attachment":[{"href":"https:\/\/masquefa.cat\/noticies\/wp-json\/wp\/v2\/media?parent=23257"}],"wp:term":[{"taxonomy":"category","embeddable":true,"href":"https:\/\/masquefa.cat\/noticies\/wp-json\/wp\/v2\/categories?post=23257"},{"taxonomy":"post_tag","embeddable":true,"href":"https:\/\/masquefa.cat\/noticies\/wp-json\/wp\/v2\/tags?post=23257"}],"curies":[{"name":"wp","href":"https:\/\/api.w.org\/{rel}","templated":true}]}}