{"id":23452,"date":"2019-09-02T13:26:54","date_gmt":"2019-09-02T11:26:54","guid":{"rendered":"http:\/\/masquefa.cat\/noticies\/?p=23452"},"modified":"2019-09-23T10:43:03","modified_gmt":"2019-09-23T08:43:03","slug":"nou-programa-dactivitats-per-a-la-gent-gran","status":"publish","type":"post","link":"https:\/\/masquefa.cat\/noticies\/nou-programa-dactivitats-per-a-la-gent-gran\/","title":{"rendered":"Nou programa d\u2019activitats per a la gent gran"},"content":{"rendered":"<p><strong>Entre les diferents propostes adre\u00e7ades al col\u00b7lectiu de gent gran del municipi hi ha Gym Dol\u00e7a, balls en l\u00ednia, classes de dibuix i de catal\u00e0, inform\u00e0tica o balls populars.\u00a0<\/strong><a href=\"https:\/\/ajmasquefa-multimedia-wp.s3.eu-central-1.amazonaws.com\/wp-content\/uploads\/sites\/22\/2019\/09\/02132521\/D%C3%ADptic-Activitats-Gen-Gran-2019-2020.pdf\" target=\"_blank\" rel=\"noopener\"><em><u>Consulta aqu\u00ed la programaci\u00f3 del nou curs.<\/u><\/em><\/a><\/p>\n<p>L\u2019Ajuntament de Masquefa segueix apostant fermament un curs m\u00e9s per\u00a0dotar el col\u00b7lectiu de gent gran del municipi d\u2019eines, recursos i equipaments de primer nivell i adaptats a les seves necessitats\u00a0amb l\u2019objectiu de millorar el benestar i la qualitat de vida dels masquefins,\u00a0promoure un envelliment actiu i saludable\u00a0i\u00a0incentivar la participaci\u00f3 activa de les persones de m\u00e9s edat en la societat.<\/p>\n<p>En aquesta l\u00ednia, el consistori impulsa una\u00a0<strong>nova programaci\u00f3 d\u2019activitats <\/strong>renovada i adequada als interessos i gustos dels usuaris. Aix\u00ed, <strong>des del mes de setembre de 2019 i fins al juny de 2020<\/strong> s\u2019oferiran propostes variades com\u00a0<strong>Gym Dol\u00e7a, balls en l\u00ednia, classes de dibuix i de catal\u00e0, inform\u00e0tica o balls populars<\/strong>. Aquestes activitats, a m\u00e9s, es complementaran amb els serveis permanents que ofereix el Casal d\u2019Avis; entre ells, un servei de callista, puntes de coix\u00ed, grup de labors i servei de massatgista.<\/p>\n<p><strong><u>Inscripcions<\/u><\/strong><\/p>\n<p>Per participar de les activitats <strong>cal inscriure\u2019s pr\u00e8viament a l\u2019Ajuntament<\/strong>. El programa t\u00e9 com a objectiu\u00a0fomentar les activitats f\u00edsiques\u00a0per reduir el risc de desenvolupar m\u00faltiples malalties;\u00a0incentivar la gent gran a ampliar coneixements, especialment en noves tecnologies i l\u2019educaci\u00f3 per a la salut, realitzant tallers per exercitar la mem\u00f2ria\u2026;\u00a0fomentar les xarxes de relacions socials; i\u00a0facilitar la participaci\u00f3 activa del col\u00b7lectiu en els processos decisoris p\u00fablics.<\/p>\n","protected":false},"excerpt":{"rendered":"<p>Entre les diferents propostes adre\u00e7ades al col\u00b7lectiu de gent gran del municipi hi ha Gym Dol\u00e7a, balls en l\u00ednia, classes de dibuix i de catal\u00e0, inform\u00e0tica o balls populars.\u00a0Consulta aqu\u00ed la programaci\u00f3 del nou curs. L\u2019Ajuntament de Masquefa segueix apostant fermament un curs m\u00e9s per\u00a0dotar el col\u00b7lectiu de gent gran del municipi d\u2019eines, recursos i&hellip;<\/p>\n","protected":false},"author":7,"featured_media":0,"comment_status":"closed","ping_status":"open","sticky":false,"template":"","format":"standard","meta":[],"categories":[96,1,64],"tags":[],"_links":{"self":[{"href":"https:\/\/masquefa.cat\/noticies\/wp-json\/wp\/v2\/posts\/23452"}],"collection":[{"href":"https:\/\/masquefa.cat\/noticies\/wp-json\/wp\/v2\/posts"}],"about":[{"href":"https:\/\/masquefa.cat\/noticies\/wp-json\/wp\/v2\/types\/post"}],"author":[{"embeddable":true,"href":"https:\/\/masquefa.cat\/noticies\/wp-json\/wp\/v2\/users\/7"}],"replies":[{"embeddable":true,"href":"https:\/\/masquefa.cat\/noticies\/wp-json\/wp\/v2\/comments?post=23452"}],"version-history":[{"count":2,"href":"https:\/\/masquefa.cat\/noticies\/wp-json\/wp\/v2\/posts\/23452\/revisions"}],"predecessor-version":[{"id":23456,"href":"https:\/\/masquefa.cat\/noticies\/wp-json\/wp\/v2\/posts\/23452\/revisions\/23456"}],"wp:attachment":[{"href":"https:\/\/masquefa.cat\/noticies\/wp-json\/wp\/v2\/media?parent=23452"}],"wp:term":[{"taxonomy":"category","embeddable":true,"href":"https:\/\/masquefa.cat\/noticies\/wp-json\/wp\/v2\/categories?post=23452"},{"taxonomy":"post_tag","embeddable":true,"href":"https:\/\/masquefa.cat\/noticies\/wp-json\/wp\/v2\/tags?post=23452"}],"curies":[{"name":"wp","href":"https:\/\/api.w.org\/{rel}","templated":true}]}}