{"id":23540,"date":"2019-09-23T18:58:45","date_gmt":"2019-09-23T16:58:45","guid":{"rendered":"http:\/\/masquefa.cat\/noticies\/?p=23540"},"modified":"2019-09-25T09:25:19","modified_gmt":"2019-09-25T07:25:19","slug":"lajuntament-incorpora-quatre-nous-treballadors-a-traves-dun-pla-docupacio","status":"publish","type":"post","link":"https:\/\/masquefa.cat\/noticies\/lajuntament-incorpora-quatre-nous-treballadors-a-traves-dun-pla-docupacio\/","title":{"rendered":"L\u2019Ajuntament incorpora quatre nous treballadors a trav\u00e9s d\u2019un Pla d\u2019Ocupaci\u00f3"},"content":{"rendered":"<p><strong>Els llocs de treball ocupats s\u00f3n els d\u2019oficial de primera paleta, operari d\u2019obres i serveis, conserge d\u2019equipaments esportius i agent c\u00edvic.<\/strong><\/p>\n<p>Dilluns 9 de setembre es va aprovar la recepci\u00f3 de l\u2019acta de selecci\u00f3 i posterior contractaci\u00f3 de personal corresponent al tercer <strong>Pla d\u2019Ocupaci\u00f3<\/strong> de 2019 impulsat per l\u2019Ajuntament de Masquefa.<\/p>\n<p>Aix\u00ed, amb la voluntat d&#8217;oferir noves oportunitats laborals, el consistori ha creat quatre nous llocs de treball temporals amb la\u00a0contractaci\u00f3 de les senyores <strong>Cristina Del Amo Vilalta<\/strong> i <strong>Beatriz Mota Illera<\/strong> i dels senyors <strong>Damian Morales Burguillos<\/strong> i <strong>\u00c1ngel Saez S\u00e1nchez<\/strong> com a <strong>conserge d\u2019equipaments esportius<\/strong>,<strong> agent c\u00edvic<\/strong>, <strong>operari d\u2019obres i serveis <\/strong>i <strong>oficial de primera paleta<\/strong>, respectivament.<\/p>\n<p>El senyor \u00c1ngel Saez S\u00e1nchez ocupar\u00e0 el seu lloc de treball com a oficial de primera paleta des del 16 de setembre de 2019 i fins al 13 de mar\u00e7 de 2020. El senyor Damian Moral Burguillos ocupar\u00e0 el seu lloc de treball com a operari d\u2019obres i serveis des del 16 de setembre de 2019 i fins al 13 de mar\u00e7 de 2020. La senyora Beatriz Mota Illera ocupar\u00e0 el seu lloc de treball com a agent c\u00edvic des del 10 de setembre de 2019 i fins al 30 de juny de 2020. I la senyora Cristina Del Amo Vilalta ocupar\u00e0 el seu lloc de treball com a conserge d\u2019equipament esportius des del 10 de setembre de 2019 i fins al 30 de juny de 2020.<\/p>\n<p><img decoding=\"async\" loading=\"lazy\" class=\"alignnone wp-image-23546 aligncenter\" src=\"https:\/\/ajmasquefa-multimedia-wp.s3.eu-central-1.amazonaws.com\/wp-content\/uploads\/sites\/22\/2019\/09\/23190657\/WhatsApp-Image-2019-09-19-at-11.11.19.jpeg\" alt=\"\" width=\"578\" height=\"325\" srcset=\"https:\/\/ajmasquefa-multimedia-wp.s3.eu-central-1.amazonaws.com\/wp-content\/uploads\/sites\/22\/2019\/09\/23190657\/WhatsApp-Image-2019-09-19-at-11.11.19.jpeg 1600w, https:\/\/ajmasquefa-multimedia-wp.s3.eu-central-1.amazonaws.com\/wp-content\/uploads\/sites\/22\/2019\/09\/23190657\/WhatsApp-Image-2019-09-19-at-11.11.19-300x169.jpeg 300w, https:\/\/ajmasquefa-multimedia-wp.s3.eu-central-1.amazonaws.com\/wp-content\/uploads\/sites\/22\/2019\/09\/23190657\/WhatsApp-Image-2019-09-19-at-11.11.19-768x432.jpeg 768w, https:\/\/ajmasquefa-multimedia-wp.s3.eu-central-1.amazonaws.com\/wp-content\/uploads\/sites\/22\/2019\/09\/23190657\/WhatsApp-Image-2019-09-19-at-11.11.19-1024x576.jpeg 1024w, https:\/\/ajmasquefa-multimedia-wp.s3.eu-central-1.amazonaws.com\/wp-content\/uploads\/sites\/22\/2019\/09\/23190657\/WhatsApp-Image-2019-09-19-at-11.11.19-600x338.jpeg 600w\" sizes=\"(max-width: 578px) 100vw, 578px\" \/><\/p>\n<p>&nbsp;<\/p>\n<p><img decoding=\"async\" loading=\"lazy\" class=\" wp-image-23557 aligncenter\" src=\"https:\/\/ajmasquefa-multimedia-wp.s3.eu-central-1.amazonaws.com\/wp-content\/uploads\/sites\/22\/2019\/09\/25092459\/cf0b651c-0f60-4647-a8e0-b99a7c5d9a51.jpg\" alt=\"\" width=\"583\" height=\"437\" srcset=\"https:\/\/ajmasquefa-multimedia-wp.s3.eu-central-1.amazonaws.com\/wp-content\/uploads\/sites\/22\/2019\/09\/25092459\/cf0b651c-0f60-4647-a8e0-b99a7c5d9a51.jpg 1600w, https:\/\/ajmasquefa-multimedia-wp.s3.eu-central-1.amazonaws.com\/wp-content\/uploads\/sites\/22\/2019\/09\/25092459\/cf0b651c-0f60-4647-a8e0-b99a7c5d9a51-300x225.jpg 300w, https:\/\/ajmasquefa-multimedia-wp.s3.eu-central-1.amazonaws.com\/wp-content\/uploads\/sites\/22\/2019\/09\/25092459\/cf0b651c-0f60-4647-a8e0-b99a7c5d9a51-768x576.jpg 768w, https:\/\/ajmasquefa-multimedia-wp.s3.eu-central-1.amazonaws.com\/wp-content\/uploads\/sites\/22\/2019\/09\/25092459\/cf0b651c-0f60-4647-a8e0-b99a7c5d9a51-1024x768.jpg 1024w, https:\/\/ajmasquefa-multimedia-wp.s3.eu-central-1.amazonaws.com\/wp-content\/uploads\/sites\/22\/2019\/09\/25092459\/cf0b651c-0f60-4647-a8e0-b99a7c5d9a51-600x450.jpg 600w\" sizes=\"(max-width: 583px) 100vw, 583px\" \/><\/p>\n","protected":false},"excerpt":{"rendered":"<p>Els llocs de treball ocupats s\u00f3n els d\u2019oficial de primera paleta, operari d\u2019obres i serveis, conserge d\u2019equipaments esportius i agent c\u00edvic. Dilluns 9 de setembre es va aprovar la recepci\u00f3 de l\u2019acta de selecci\u00f3 i posterior contractaci\u00f3 de personal corresponent al tercer Pla d\u2019Ocupaci\u00f3 de 2019 impulsat per l\u2019Ajuntament de Masquefa. Aix\u00ed, amb la voluntat&hellip;<\/p>\n","protected":false},"author":7,"featured_media":23541,"comment_status":"closed","ping_status":"open","sticky":false,"template":"","format":"standard","meta":[],"categories":[95],"tags":[],"_links":{"self":[{"href":"https:\/\/masquefa.cat\/noticies\/wp-json\/wp\/v2\/posts\/23540"}],"collection":[{"href":"https:\/\/masquefa.cat\/noticies\/wp-json\/wp\/v2\/posts"}],"about":[{"href":"https:\/\/masquefa.cat\/noticies\/wp-json\/wp\/v2\/types\/post"}],"author":[{"embeddable":true,"href":"https:\/\/masquefa.cat\/noticies\/wp-json\/wp\/v2\/users\/7"}],"replies":[{"embeddable":true,"href":"https:\/\/masquefa.cat\/noticies\/wp-json\/wp\/v2\/comments?post=23540"}],"version-history":[{"count":3,"href":"https:\/\/masquefa.cat\/noticies\/wp-json\/wp\/v2\/posts\/23540\/revisions"}],"predecessor-version":[{"id":23558,"href":"https:\/\/masquefa.cat\/noticies\/wp-json\/wp\/v2\/posts\/23540\/revisions\/23558"}],"wp:featuredmedia":[{"embeddable":true,"href":"https:\/\/masquefa.cat\/noticies\/wp-json\/wp\/v2\/media\/23541"}],"wp:attachment":[{"href":"https:\/\/masquefa.cat\/noticies\/wp-json\/wp\/v2\/media?parent=23540"}],"wp:term":[{"taxonomy":"category","embeddable":true,"href":"https:\/\/masquefa.cat\/noticies\/wp-json\/wp\/v2\/categories?post=23540"},{"taxonomy":"post_tag","embeddable":true,"href":"https:\/\/masquefa.cat\/noticies\/wp-json\/wp\/v2\/tags?post=23540"}],"curies":[{"name":"wp","href":"https:\/\/api.w.org\/{rel}","templated":true}]}}