{"id":23543,"date":"2019-09-23T19:00:15","date_gmt":"2019-09-23T17:00:15","guid":{"rendered":"http:\/\/masquefa.cat\/noticies\/?p=23543"},"modified":"2019-10-02T10:10:21","modified_gmt":"2019-10-02T08:10:21","slug":"prorroga-del-contracte-de-treball-de-la-senyora-miriam-penalver-roman","status":"publish","type":"post","link":"https:\/\/masquefa.cat\/noticies\/prorroga-del-contracte-de-treball-de-la-senyora-miriam-penalver-roman\/","title":{"rendered":"La senyora M\u00edriam Pe\u00f1alver Roman s\u2019incopora a l\u2019\u00e0rea d\u2019Alcaldia"},"content":{"rendered":"<p><span lang=\"CA\">L\u2019Ajuntament de Masquefa va formalitzar el passat 10 de setembre la\u00a0<strong>pr\u00f2rroga del contracte de treball en pr\u00e0ctiques<\/strong>\u00a0de la senyora\u00a0<strong>M\u00edriam Pe\u00f1alver Roman<\/strong>\u00a0com a auxiliar administrativa en pr\u00e0ctiques. La pr\u00f2rroga del contracte \u00e9s de l\u20191 de setembre de 2019 a 30 d\u2019octubre de 2020; i des del dia 30 de setembre s\u2019ha incorporat a\u00a0<b>l&#8217;\u00e0rea d&#8217;Alcaldia<\/b>.<u><\/u><u><\/u><\/span><\/p>\n<div class=\"yj6qo ajU\"><\/div>\n<p style=\"font-weight: 400\">\n","protected":false},"excerpt":{"rendered":"<p>L\u2019Ajuntament de Masquefa va formalitzar el passat 10 de setembre la\u00a0pr\u00f2rroga del contracte de treball en pr\u00e0ctiques\u00a0de la senyora\u00a0M\u00edriam Pe\u00f1alver Roman\u00a0com a auxiliar administrativa en pr\u00e0ctiques. La pr\u00f2rroga del contracte \u00e9s de l\u20191 de setembre de 2019 a 30 d\u2019octubre de 2020; i des del dia 30 de setembre s\u2019ha incorporat a\u00a0l&#8217;\u00e0rea d&#8217;Alcaldia.<\/p>\n","protected":false},"author":7,"featured_media":23544,"comment_status":"closed","ping_status":"open","sticky":false,"template":"","format":"standard","meta":[],"categories":[95],"tags":[],"_links":{"self":[{"href":"https:\/\/masquefa.cat\/noticies\/wp-json\/wp\/v2\/posts\/23543"}],"collection":[{"href":"https:\/\/masquefa.cat\/noticies\/wp-json\/wp\/v2\/posts"}],"about":[{"href":"https:\/\/masquefa.cat\/noticies\/wp-json\/wp\/v2\/types\/post"}],"author":[{"embeddable":true,"href":"https:\/\/masquefa.cat\/noticies\/wp-json\/wp\/v2\/users\/7"}],"replies":[{"embeddable":true,"href":"https:\/\/masquefa.cat\/noticies\/wp-json\/wp\/v2\/comments?post=23543"}],"version-history":[{"count":6,"href":"https:\/\/masquefa.cat\/noticies\/wp-json\/wp\/v2\/posts\/23543\/revisions"}],"predecessor-version":[{"id":23591,"href":"https:\/\/masquefa.cat\/noticies\/wp-json\/wp\/v2\/posts\/23543\/revisions\/23591"}],"wp:featuredmedia":[{"embeddable":true,"href":"https:\/\/masquefa.cat\/noticies\/wp-json\/wp\/v2\/media\/23544"}],"wp:attachment":[{"href":"https:\/\/masquefa.cat\/noticies\/wp-json\/wp\/v2\/media?parent=23543"}],"wp:term":[{"taxonomy":"category","embeddable":true,"href":"https:\/\/masquefa.cat\/noticies\/wp-json\/wp\/v2\/categories?post=23543"},{"taxonomy":"post_tag","embeddable":true,"href":"https:\/\/masquefa.cat\/noticies\/wp-json\/wp\/v2\/tags?post=23543"}],"curies":[{"name":"wp","href":"https:\/\/api.w.org\/{rel}","templated":true}]}}