{"id":23548,"date":"2019-09-23T19:17:33","date_gmt":"2019-09-23T17:17:33","guid":{"rendered":"http:\/\/masquefa.cat\/noticies\/?p=23548"},"modified":"2021-03-23T14:28:48","modified_gmt":"2021-03-23T13:28:48","slug":"a-la-biblioteca-municipal-sincorpora-un-nou-director","status":"publish","type":"post","link":"https:\/\/masquefa.cat\/noticies\/a-la-biblioteca-municipal-sincorpora-un-nou-director\/","title":{"rendered":"A la Biblioteca Municipal s&#8217;incorpora un nou director"},"content":{"rendered":"<p>Des de l&#8217;1 de setembre, <strong>Jordi L\u00f3pez Alert<\/strong> exerceix com a nou director de l&#8217;equipament. El seu correu electr\u00f2nic \u00e9s <a href=\"mailto:b.masquefa@diba.cat\" target=\"_blank\" rel=\"noopener noreferrer\">b.masquefa@diba.cat<\/a>.<\/p>\n","protected":false},"excerpt":{"rendered":"<p>Des de l&#8217;1 de setembre, Jordi L\u00f3pez Alert exerceix com a nou director de l&#8217;equipament. El seu correu electr\u00f2nic \u00e9s b.masquefa@diba.cat.<\/p>\n","protected":false},"author":7,"featured_media":22853,"comment_status":"closed","ping_status":"open","sticky":false,"template":"","format":"standard","meta":[],"categories":[95],"tags":[],"_links":{"self":[{"href":"https:\/\/masquefa.cat\/noticies\/wp-json\/wp\/v2\/posts\/23548"}],"collection":[{"href":"https:\/\/masquefa.cat\/noticies\/wp-json\/wp\/v2\/posts"}],"about":[{"href":"https:\/\/masquefa.cat\/noticies\/wp-json\/wp\/v2\/types\/post"}],"author":[{"embeddable":true,"href":"https:\/\/masquefa.cat\/noticies\/wp-json\/wp\/v2\/users\/7"}],"replies":[{"embeddable":true,"href":"https:\/\/masquefa.cat\/noticies\/wp-json\/wp\/v2\/comments?post=23548"}],"version-history":[{"count":3,"href":"https:\/\/masquefa.cat\/noticies\/wp-json\/wp\/v2\/posts\/23548\/revisions"}],"predecessor-version":[{"id":25677,"href":"https:\/\/masquefa.cat\/noticies\/wp-json\/wp\/v2\/posts\/23548\/revisions\/25677"}],"wp:featuredmedia":[{"embeddable":true,"href":"https:\/\/masquefa.cat\/noticies\/wp-json\/wp\/v2\/media\/22853"}],"wp:attachment":[{"href":"https:\/\/masquefa.cat\/noticies\/wp-json\/wp\/v2\/media?parent=23548"}],"wp:term":[{"taxonomy":"category","embeddable":true,"href":"https:\/\/masquefa.cat\/noticies\/wp-json\/wp\/v2\/categories?post=23548"},{"taxonomy":"post_tag","embeddable":true,"href":"https:\/\/masquefa.cat\/noticies\/wp-json\/wp\/v2\/tags?post=23548"}],"curies":[{"name":"wp","href":"https:\/\/api.w.org\/{rel}","templated":true}]}}