{"id":23550,"date":"2019-09-23T19:31:26","date_gmt":"2019-09-23T17:31:26","guid":{"rendered":"http:\/\/masquefa.cat\/noticies\/?p=23550"},"modified":"2019-09-23T19:31:26","modified_gmt":"2019-09-23T17:31:26","slug":"xavier-perez-forners-nou-tecnic-de-joventut","status":"publish","type":"post","link":"https:\/\/masquefa.cat\/noticies\/xavier-perez-forners-nou-tecnic-de-joventut\/","title":{"rendered":"Xavier P\u00e9rez Forners, nou t\u00e8cnic de Joventut"},"content":{"rendered":"<p style=\"font-weight: 400\">Des del passat\u00a020 de setembre\u00a0s\u2019ha incorporat a l&#8217;Ajuntament de Masquefa el senyor <strong>Xavier P\u00e9rez Forners<\/strong> com a nou<strong> t\u00e8cnic de Joventut<\/strong> en substituci\u00f3 de la senyora N\u00faria P\u00e9rez Samper, un cop finalitzada la seva relaci\u00f3 laboral amb el consistori.<\/p>\n","protected":false},"excerpt":{"rendered":"<p>Des del passat\u00a020 de setembre\u00a0s\u2019ha incorporat a l&#8217;Ajuntament de Masquefa el senyor Xavier P\u00e9rez Forners com a nou t\u00e8cnic de Joventut en substituci\u00f3 de la senyora N\u00faria P\u00e9rez Samper, un cop finalitzada la seva relaci\u00f3 laboral amb el consistori.<\/p>\n","protected":false},"author":7,"featured_media":22853,"comment_status":"closed","ping_status":"open","sticky":false,"template":"","format":"standard","meta":[],"categories":[95],"tags":[],"_links":{"self":[{"href":"https:\/\/masquefa.cat\/noticies\/wp-json\/wp\/v2\/posts\/23550"}],"collection":[{"href":"https:\/\/masquefa.cat\/noticies\/wp-json\/wp\/v2\/posts"}],"about":[{"href":"https:\/\/masquefa.cat\/noticies\/wp-json\/wp\/v2\/types\/post"}],"author":[{"embeddable":true,"href":"https:\/\/masquefa.cat\/noticies\/wp-json\/wp\/v2\/users\/7"}],"replies":[{"embeddable":true,"href":"https:\/\/masquefa.cat\/noticies\/wp-json\/wp\/v2\/comments?post=23550"}],"version-history":[{"count":1,"href":"https:\/\/masquefa.cat\/noticies\/wp-json\/wp\/v2\/posts\/23550\/revisions"}],"predecessor-version":[{"id":23551,"href":"https:\/\/masquefa.cat\/noticies\/wp-json\/wp\/v2\/posts\/23550\/revisions\/23551"}],"wp:featuredmedia":[{"embeddable":true,"href":"https:\/\/masquefa.cat\/noticies\/wp-json\/wp\/v2\/media\/22853"}],"wp:attachment":[{"href":"https:\/\/masquefa.cat\/noticies\/wp-json\/wp\/v2\/media?parent=23550"}],"wp:term":[{"taxonomy":"category","embeddable":true,"href":"https:\/\/masquefa.cat\/noticies\/wp-json\/wp\/v2\/categories?post=23550"},{"taxonomy":"post_tag","embeddable":true,"href":"https:\/\/masquefa.cat\/noticies\/wp-json\/wp\/v2\/tags?post=23550"}],"curies":[{"name":"wp","href":"https:\/\/api.w.org\/{rel}","templated":true}]}}