{"id":23602,"date":"2019-10-08T16:00:47","date_gmt":"2019-10-08T14:00:47","guid":{"rendered":"http:\/\/masquefa.cat\/noticies\/?p=23602"},"modified":"2019-10-08T16:00:47","modified_gmt":"2019-10-08T14:00:47","slug":"lidescat-realitzara-a-masquefa-una-enquesta-de-condicions-de-vida","status":"publish","type":"post","link":"https:\/\/masquefa.cat\/noticies\/lidescat-realitzara-a-masquefa-una-enquesta-de-condicions-de-vida\/","title":{"rendered":"L\u2019Idescat realitzar\u00e0 a Masquefa una enquesta de condicions de vida"},"content":{"rendered":"<p><strong>Entre els mesos d\u2019octubre del 2019 i gener del 2020, un entrevistador <\/strong><strong>de l\u2019Institut d\u2019Estad\u00edstica de Catalunya<\/strong><strong> degudament identificat es traslladar\u00e0 al municipi per enquestar les persones seleccionades en la mostra.<\/strong><\/p>\n<p>L\u2019Institut d\u2019Estad\u00edstica de Catalunya (Idescat) elabora aquest 2019 l\u2019<strong><a href=\"https:\/\/www.idescat.cat\/pub\/?id=ecv\">Enquesta de condicions de vida<\/a><\/strong>, amb la col\u00b7laboraci\u00f3 del Departament de Treball, Afers Socials i Fam\u00edlies, l\u2019Institut d\u2019Estudis Regionals i Metropolitans de Barcelona, l\u2019\u00c0rea Metropolitana de Barcelona i l\u2019Ajuntament de Barcelona, i amb el suport de l\u2019Institut Nacional d\u2019Estad\u00edstica.<\/p>\n<p>L\u2019Enquesta t\u00e9 com a objectiu <strong>con\u00e8ixer la renda i les condicions de vida de les llars, com<\/strong> <strong>tamb\u00e9 la composici\u00f3 de la pobresa i l\u2019exclusi\u00f3 social<\/strong>. Aquesta actuaci\u00f3 estad\u00edstica est\u00e0 prevista al Decret 272\/2018, de 20 de desembre, pel qual s&#8217;aprova el Programa anual d&#8217;actuaci\u00f3 estad\u00edstica per a l&#8217;any 2019.<\/p>\n<p>Aix\u00ed, <strong>entre els mesos d\u2019octubre del 2019 i gener del 2020<\/strong> es portar\u00e0 a terme la recollida d\u2019informaci\u00f3 presencial de l\u2019Enquesta. L\u2019Idescat ha adjudicat la recollida d\u2019informaci\u00f3 a l\u2019empresa An\u00e1lisis e Investigaci\u00f3n, per mitj\u00e0 de licitaci\u00f3 p\u00fablica.<\/p>\n<p>Per tal de dur a terme l\u2019Enquesta, un entrevistador degudament identificat es traslladar\u00e0 a Masquefa per enquestar-hi les persones seleccionades en la mostra. <strong>Els resultats de l\u2019Enquesta de condicions de vida 2019 es publicaran el segon trimestre del<\/strong> <strong>2020 <\/strong>al web de l\u2019Idescat (www.idescat.cat), on tamb\u00e9 trobareu els resultats de les edicions anteriors.<\/p>\n<p>La informaci\u00f3 que es proporcioni a l\u2019Enquesta quedar\u00e0 protegida pel secret estad\u00edstic d\u2019acord amb la Llei 23\/1998, de 30 de desembre, d\u2019estad\u00edstica de Catalunya, i el seu tractament s\u2019adequar\u00e0 a les exig\u00e8ncies de la normativa de protecci\u00f3 de dades personals, en els termes establerts al Reglament UE 2016\/679, general de protecci\u00f3 de dades, i a la Llei org\u00e0nica 3\/2018, de 5 de desembre, de protecci\u00f3 de dades personals i garantia dels drets digitals. Aix\u00f2 suposa que les dades personals no poden fer-se p\u00fabliques ni tampoc comunicar-se a cap persona o entitat. D\u2019altra banda, en tractar-se d\u2019una estad\u00edstica oficial, la seva resposta \u00e9s obligat\u00f2ria, d\u2019acord amb la mateixa Llei.<\/p>\n<p>Podeu consultar els <strong><a href=\"https:\/\/www.idescat.cat\/dades\/ecv\/\">aspectes t\u00e8cnics i legals de l\u2019Enquesta<\/a><\/strong> al web de l\u2019Idescat. Tamb\u00e9 podeu posar-vos en contacte amb l\u2019equip de recollida de l\u2019Enquesta a trav\u00e9s del tel\u00e8fon 900 834 044 o de l\u2019adre\u00e7a electr\u00f2nica <a href=\"mailto:condicionsdevida@idescat.cat\">condicionsdevida@idescat.cat<\/a>.<\/p>\n","protected":false},"excerpt":{"rendered":"<p>Entre els mesos d\u2019octubre del 2019 i gener del 2020, un entrevistador de l\u2019Institut d\u2019Estad\u00edstica de Catalunya degudament identificat es traslladar\u00e0 al municipi per enquestar les persones seleccionades en la mostra. L\u2019Institut d\u2019Estad\u00edstica de Catalunya (Idescat) elabora aquest 2019 l\u2019Enquesta de condicions de vida, amb la col\u00b7laboraci\u00f3 del Departament de Treball, Afers Socials i Fam\u00edlies,&hellip;<\/p>\n","protected":false},"author":7,"featured_media":23603,"comment_status":"closed","ping_status":"open","sticky":false,"template":"","format":"standard","meta":[],"categories":[96,1,68],"tags":[],"_links":{"self":[{"href":"https:\/\/masquefa.cat\/noticies\/wp-json\/wp\/v2\/posts\/23602"}],"collection":[{"href":"https:\/\/masquefa.cat\/noticies\/wp-json\/wp\/v2\/posts"}],"about":[{"href":"https:\/\/masquefa.cat\/noticies\/wp-json\/wp\/v2\/types\/post"}],"author":[{"embeddable":true,"href":"https:\/\/masquefa.cat\/noticies\/wp-json\/wp\/v2\/users\/7"}],"replies":[{"embeddable":true,"href":"https:\/\/masquefa.cat\/noticies\/wp-json\/wp\/v2\/comments?post=23602"}],"version-history":[{"count":1,"href":"https:\/\/masquefa.cat\/noticies\/wp-json\/wp\/v2\/posts\/23602\/revisions"}],"predecessor-version":[{"id":23604,"href":"https:\/\/masquefa.cat\/noticies\/wp-json\/wp\/v2\/posts\/23602\/revisions\/23604"}],"wp:featuredmedia":[{"embeddable":true,"href":"https:\/\/masquefa.cat\/noticies\/wp-json\/wp\/v2\/media\/23603"}],"wp:attachment":[{"href":"https:\/\/masquefa.cat\/noticies\/wp-json\/wp\/v2\/media?parent=23602"}],"wp:term":[{"taxonomy":"category","embeddable":true,"href":"https:\/\/masquefa.cat\/noticies\/wp-json\/wp\/v2\/categories?post=23602"},{"taxonomy":"post_tag","embeddable":true,"href":"https:\/\/masquefa.cat\/noticies\/wp-json\/wp\/v2\/tags?post=23602"}],"curies":[{"name":"wp","href":"https:\/\/api.w.org\/{rel}","templated":true}]}}