{"id":23616,"date":"2019-10-11T15:09:30","date_gmt":"2019-10-11T13:09:30","guid":{"rendered":"http:\/\/masquefa.cat\/noticies\/?p=23616"},"modified":"2019-10-11T15:56:39","modified_gmt":"2019-10-11T13:56:39","slug":"lajuntament-reconeix-el-masquefi-la-masquefina-i-la-parella-de-mes-edat-del-municipi","status":"publish","type":"post","link":"https:\/\/masquefa.cat\/noticies\/lajuntament-reconeix-el-masquefi-la-masquefina-i-la-parella-de-mes-edat-del-municipi\/","title":{"rendered":"L\u2019Ajuntament reconeix el masquef\u00ed, la masquefina i la parella de m\u00e9s edat del municipi"},"content":{"rendered":"<p><strong>L\u2019homenatge ha tingut lloc en el marc dels actes de celebraci\u00f3 de la Setmana de la Gent Gran de Masquefa d\u2019aquest 2019, que un any m\u00e9s ha resultat un \u00e8xit organitzatiu i de participaci\u00f3.<\/strong><\/p>\n<p>El passat diumenge 6 d\u2019octubre va cloure a Masquefa una nova edici\u00f3 de la <strong>Setmana de la Gent Gran<\/strong>. I com ja \u00e9s tradici\u00f3 ho va fer, entre d\u2019altres, amb la tradicional entrega de plaques al ve\u00ed, a la ve\u00efna i a la parella de m\u00e9s edat del municipi.<\/p>\n<p><strong><u>Masquef\u00ed de m\u00e9s edat<\/u><\/strong><\/p>\n<p>Senyor <strong>Aparicio Alonso Mart\u00ednez<\/strong> (98 anys). Nascut l\u2019any 1921 a Briviesca (Burgos).<\/p>\n<p><img decoding=\"async\" loading=\"lazy\" class=\"size-full wp-image-23618 aligncenter\" src=\"https:\/\/ajmasquefa-multimedia-wp.s3.eu-central-1.amazonaws.com\/wp-content\/uploads\/sites\/22\/2019\/10\/11150720\/6e7263d2-b927-4af6-8911-e4f3e98f4226.jpg\" alt=\"\" width=\"1599\" height=\"899\" srcset=\"https:\/\/ajmasquefa-multimedia-wp.s3.eu-central-1.amazonaws.com\/wp-content\/uploads\/sites\/22\/2019\/10\/11150720\/6e7263d2-b927-4af6-8911-e4f3e98f4226.jpg 1599w, https:\/\/ajmasquefa-multimedia-wp.s3.eu-central-1.amazonaws.com\/wp-content\/uploads\/sites\/22\/2019\/10\/11150720\/6e7263d2-b927-4af6-8911-e4f3e98f4226-300x169.jpg 300w, https:\/\/ajmasquefa-multimedia-wp.s3.eu-central-1.amazonaws.com\/wp-content\/uploads\/sites\/22\/2019\/10\/11150720\/6e7263d2-b927-4af6-8911-e4f3e98f4226-768x432.jpg 768w, https:\/\/ajmasquefa-multimedia-wp.s3.eu-central-1.amazonaws.com\/wp-content\/uploads\/sites\/22\/2019\/10\/11150720\/6e7263d2-b927-4af6-8911-e4f3e98f4226-1024x576.jpg 1024w, https:\/\/ajmasquefa-multimedia-wp.s3.eu-central-1.amazonaws.com\/wp-content\/uploads\/sites\/22\/2019\/10\/11150720\/6e7263d2-b927-4af6-8911-e4f3e98f4226-600x337.jpg 600w\" sizes=\"(max-width: 1599px) 100vw, 1599px\" \/><\/p>\n<p>&nbsp;<\/p>\n<p><strong><u>Masquefina de m\u00e9s edat<\/u><\/strong><\/p>\n<p>Senyora<strong> M\u00aa Candelaria Morales P\u00e9rez <\/strong>(99 anys). Nascuda l\u2019any 1920 a Fresne\u00f1a (Burgos). En el cas de la Sra. M\u00aa Candelaria Morales P\u00e9rez, l\u2019entrega de la placa es va dur a terme, a t\u00edtol p\u00f2stum (va morir el dia 5 d&#8217;octubre de 2019), aquest dijous 10 d\u2019octubre. El consistori vol traslladar a la seva fam\u00edlia i amistats el seu m\u00e9s sincer condol per la recent p\u00e8rdua.<\/p>\n<p><img decoding=\"async\" loading=\"lazy\" class=\"size-full wp-image-23619 aligncenter\" src=\"https:\/\/ajmasquefa-multimedia-wp.s3.eu-central-1.amazonaws.com\/wp-content\/uploads\/sites\/22\/2019\/10\/11150755\/dc445e90-5c36-474a-996d-c8380d9ec19b.jpg\" alt=\"\" width=\"1600\" height=\"1200\" srcset=\"https:\/\/ajmasquefa-multimedia-wp.s3.eu-central-1.amazonaws.com\/wp-content\/uploads\/sites\/22\/2019\/10\/11150755\/dc445e90-5c36-474a-996d-c8380d9ec19b.jpg 1600w, https:\/\/ajmasquefa-multimedia-wp.s3.eu-central-1.amazonaws.com\/wp-content\/uploads\/sites\/22\/2019\/10\/11150755\/dc445e90-5c36-474a-996d-c8380d9ec19b-300x225.jpg 300w, https:\/\/ajmasquefa-multimedia-wp.s3.eu-central-1.amazonaws.com\/wp-content\/uploads\/sites\/22\/2019\/10\/11150755\/dc445e90-5c36-474a-996d-c8380d9ec19b-768x576.jpg 768w, https:\/\/ajmasquefa-multimedia-wp.s3.eu-central-1.amazonaws.com\/wp-content\/uploads\/sites\/22\/2019\/10\/11150755\/dc445e90-5c36-474a-996d-c8380d9ec19b-1024x768.jpg 1024w, https:\/\/ajmasquefa-multimedia-wp.s3.eu-central-1.amazonaws.com\/wp-content\/uploads\/sites\/22\/2019\/10\/11150755\/dc445e90-5c36-474a-996d-c8380d9ec19b-600x450.jpg 600w\" sizes=\"(max-width: 1600px) 100vw, 1600px\" \/><\/p>\n<p><strong><u>Parella de m\u00e9s edat<\/u><\/strong><\/p>\n<p>Senyora <strong>Marta Casta\u00f1\u00e9 Llopart<\/strong> (89 anys. Nascuda l\u2019any 1930 a Masquefa) i senyor <strong>Jos\u00e9 P\u00e9rez Ort\u00edn<\/strong> (92 anys. Nascut l\u2019any 1927 a Masquefa), pels seus 10 anys de nuviatge i els seus m\u00e9s de 60 anys com a matrimoni.<\/p>\n<p><img decoding=\"async\" loading=\"lazy\" class=\"size-full wp-image-23620 aligncenter\" src=\"https:\/\/ajmasquefa-multimedia-wp.s3.eu-central-1.amazonaws.com\/wp-content\/uploads\/sites\/22\/2019\/10\/11150847\/c2631953-3697-495f-a5e5-582cdc3852f8.jpg\" alt=\"\" width=\"1599\" height=\"899\" srcset=\"https:\/\/ajmasquefa-multimedia-wp.s3.eu-central-1.amazonaws.com\/wp-content\/uploads\/sites\/22\/2019\/10\/11150847\/c2631953-3697-495f-a5e5-582cdc3852f8.jpg 1599w, https:\/\/ajmasquefa-multimedia-wp.s3.eu-central-1.amazonaws.com\/wp-content\/uploads\/sites\/22\/2019\/10\/11150847\/c2631953-3697-495f-a5e5-582cdc3852f8-300x169.jpg 300w, https:\/\/ajmasquefa-multimedia-wp.s3.eu-central-1.amazonaws.com\/wp-content\/uploads\/sites\/22\/2019\/10\/11150847\/c2631953-3697-495f-a5e5-582cdc3852f8-768x432.jpg 768w, https:\/\/ajmasquefa-multimedia-wp.s3.eu-central-1.amazonaws.com\/wp-content\/uploads\/sites\/22\/2019\/10\/11150847\/c2631953-3697-495f-a5e5-582cdc3852f8-1024x576.jpg 1024w, https:\/\/ajmasquefa-multimedia-wp.s3.eu-central-1.amazonaws.com\/wp-content\/uploads\/sites\/22\/2019\/10\/11150847\/c2631953-3697-495f-a5e5-582cdc3852f8-600x337.jpg 600w\" sizes=\"(max-width: 1599px) 100vw, 1599px\" \/><\/p>\n<p>&nbsp;<\/p>\n<p>L\u2019Ajuntament de Masquefa els felicita per aquesta efem\u00e8ride tan simb\u00f2lica i posa en valor la col\u00b7laboraci\u00f3 i la implicaci\u00f3 de totes les persones que han fet possible l\u2019\u00e8xit de participaci\u00f3 d\u2019aquesta nova edici\u00f3 de la Setmana de la Gent Gran.<\/p>\n","protected":false},"excerpt":{"rendered":"<p>L\u2019homenatge ha tingut lloc en el marc dels actes de celebraci\u00f3 de la Setmana de la Gent Gran de Masquefa d\u2019aquest 2019, que un any m\u00e9s ha resultat un \u00e8xit organitzatiu i de participaci\u00f3. El passat diumenge 6 d\u2019octubre va cloure a Masquefa una nova edici\u00f3 de la Setmana de la Gent Gran. I com&hellip;<\/p>\n","protected":false},"author":7,"featured_media":23617,"comment_status":"closed","ping_status":"open","sticky":false,"template":"","format":"standard","meta":[],"categories":[96,1,64],"tags":[],"_links":{"self":[{"href":"https:\/\/masquefa.cat\/noticies\/wp-json\/wp\/v2\/posts\/23616"}],"collection":[{"href":"https:\/\/masquefa.cat\/noticies\/wp-json\/wp\/v2\/posts"}],"about":[{"href":"https:\/\/masquefa.cat\/noticies\/wp-json\/wp\/v2\/types\/post"}],"author":[{"embeddable":true,"href":"https:\/\/masquefa.cat\/noticies\/wp-json\/wp\/v2\/users\/7"}],"replies":[{"embeddable":true,"href":"https:\/\/masquefa.cat\/noticies\/wp-json\/wp\/v2\/comments?post=23616"}],"version-history":[{"count":2,"href":"https:\/\/masquefa.cat\/noticies\/wp-json\/wp\/v2\/posts\/23616\/revisions"}],"predecessor-version":[{"id":23622,"href":"https:\/\/masquefa.cat\/noticies\/wp-json\/wp\/v2\/posts\/23616\/revisions\/23622"}],"wp:featuredmedia":[{"embeddable":true,"href":"https:\/\/masquefa.cat\/noticies\/wp-json\/wp\/v2\/media\/23617"}],"wp:attachment":[{"href":"https:\/\/masquefa.cat\/noticies\/wp-json\/wp\/v2\/media?parent=23616"}],"wp:term":[{"taxonomy":"category","embeddable":true,"href":"https:\/\/masquefa.cat\/noticies\/wp-json\/wp\/v2\/categories?post=23616"},{"taxonomy":"post_tag","embeddable":true,"href":"https:\/\/masquefa.cat\/noticies\/wp-json\/wp\/v2\/tags?post=23616"}],"curies":[{"name":"wp","href":"https:\/\/api.w.org\/{rel}","templated":true}]}}