{"id":23636,"date":"2019-10-15T12:22:12","date_gmt":"2019-10-15T10:22:12","guid":{"rendered":"http:\/\/masquefa.cat\/noticies\/?p=23636"},"modified":"2019-10-15T12:22:12","modified_gmt":"2019-10-15T10:22:12","slug":"lassociacio-artistica-missatgers-inaugura-una-nova-exposicio-de-dibuix-i-pintura","status":"publish","type":"post","link":"https:\/\/masquefa.cat\/noticies\/lassociacio-artistica-missatgers-inaugura-una-nova-exposicio-de-dibuix-i-pintura\/","title":{"rendered":"L\u2019Associaci\u00f3 Art\u00edstica Missatgers inaugura una nova exposici\u00f3 de dibuix i pintura"},"content":{"rendered":"<p><strong>La mostra es podr\u00e0 visitar de l\u20191 al 3 de novembre a la capella del Roser.<\/strong><\/p>\n<p>La capella del Roser ser\u00e0 la seu a principis del mes de novembre d\u2019un nou projecte art\u00edstic impulsat per l\u2019<strong>Associaci\u00f3 Art\u00edstica Missatgers<\/strong>. Es tracta d\u2019una <strong>exposici\u00f3 de dibuix i pintura<\/strong> titulada \u201cL\u2019abstracte i altres temes\u201d feta pels alumnes del curs 2018-2019 i del curs d\u2019estiu d\u2019enguany d\u2019aquesta entitat.<\/p>\n<p>La mostra es podr\u00e0 visitar els dies <strong>2 i 3 de novembre<\/strong> a la capella del Roser en horari d\u201911 h a 13 h i de 18 h a 20 h; mentre que la <strong>inauguraci\u00f3<\/strong> tindr\u00e0 lloc el divendres <strong>1 de novembre<\/strong>, festa de Tots Sants, a partir de les 18 h. Durant l\u2019acte de presentaci\u00f3, a m\u00e9s, tamb\u00e9 s\u2019elaborar\u00e0 conjuntament un mural abstracte.<\/p>\n<p>L\u2019Ajuntament de Masquefa, a trav\u00e9s de la <strong>Regidoria de Cultura<\/strong>, convida els ve\u00efns a visitar i a gaudir d\u2019aquest projecte i felicita a l\u2019Associaci\u00f3 Art\u00edstica Missatgers per l\u2019alt valor art\u00edstic de la iniciativa.<\/p>\n","protected":false},"excerpt":{"rendered":"<p>La mostra es podr\u00e0 visitar de l\u20191 al 3 de novembre a la capella del Roser. La capella del Roser ser\u00e0 la seu a principis del mes de novembre d\u2019un nou projecte art\u00edstic impulsat per l\u2019Associaci\u00f3 Art\u00edstica Missatgers. Es tracta d\u2019una exposici\u00f3 de dibuix i pintura titulada \u201cL\u2019abstracte i altres temes\u201d feta pels alumnes del&hellip;<\/p>\n","protected":false},"author":7,"featured_media":23637,"comment_status":"closed","ping_status":"open","sticky":false,"template":"","format":"standard","meta":[],"categories":[96,61,1],"tags":[],"_links":{"self":[{"href":"https:\/\/masquefa.cat\/noticies\/wp-json\/wp\/v2\/posts\/23636"}],"collection":[{"href":"https:\/\/masquefa.cat\/noticies\/wp-json\/wp\/v2\/posts"}],"about":[{"href":"https:\/\/masquefa.cat\/noticies\/wp-json\/wp\/v2\/types\/post"}],"author":[{"embeddable":true,"href":"https:\/\/masquefa.cat\/noticies\/wp-json\/wp\/v2\/users\/7"}],"replies":[{"embeddable":true,"href":"https:\/\/masquefa.cat\/noticies\/wp-json\/wp\/v2\/comments?post=23636"}],"version-history":[{"count":1,"href":"https:\/\/masquefa.cat\/noticies\/wp-json\/wp\/v2\/posts\/23636\/revisions"}],"predecessor-version":[{"id":23638,"href":"https:\/\/masquefa.cat\/noticies\/wp-json\/wp\/v2\/posts\/23636\/revisions\/23638"}],"wp:featuredmedia":[{"embeddable":true,"href":"https:\/\/masquefa.cat\/noticies\/wp-json\/wp\/v2\/media\/23637"}],"wp:attachment":[{"href":"https:\/\/masquefa.cat\/noticies\/wp-json\/wp\/v2\/media?parent=23636"}],"wp:term":[{"taxonomy":"category","embeddable":true,"href":"https:\/\/masquefa.cat\/noticies\/wp-json\/wp\/v2\/categories?post=23636"},{"taxonomy":"post_tag","embeddable":true,"href":"https:\/\/masquefa.cat\/noticies\/wp-json\/wp\/v2\/tags?post=23636"}],"curies":[{"name":"wp","href":"https:\/\/api.w.org\/{rel}","templated":true}]}}