{"id":23816,"date":"2019-11-29T14:18:34","date_gmt":"2019-11-29T13:18:34","guid":{"rendered":"http:\/\/masquefa.cat\/noticies\/?p=23816"},"modified":"2019-11-29T14:18:34","modified_gmt":"2019-11-29T13:18:34","slug":"finalitzen-els-treballs-dhabilitacio-del-nou-passeig-que-connecta-el-carrer-montserrat-amb-lescola-font-del-roure","status":"publish","type":"post","link":"https:\/\/masquefa.cat\/noticies\/finalitzen-els-treballs-dhabilitacio-del-nou-passeig-que-connecta-el-carrer-montserrat-amb-lescola-font-del-roure\/","title":{"rendered":"Finalitzen els treballs d\u2019habilitaci\u00f3 del nou passeig que connecta el carrer Montserrat amb l\u2019Escola Font del Roure"},"content":{"rendered":"<p><strong>El vial ja ser\u00e0 plenament transitable a partir d\u2019aquest cap de setmana.<\/strong><\/p>\n<p>L\u2019Ajuntament de Masquefa ha donat per acabat aquest divendres 29 de novembre el projecte urban\u00edstic de construcci\u00f3 del\u00a0<strong>nou passeig que connecta el carrer Montserrat amb l\u2019Escola Font del Roure<\/strong>.<\/p>\n<p>L\u2019actuaci\u00f3, cofinan\u00e7ada entre el consistori\u00a0i FGC, tenia com a objectiu millorar la seguretat i la comoditat d\u2019aquesta connexi\u00f3 i adaptar-ne la seva estructura perqu\u00e8 hi puguin transitar tots els vianants. Aix\u00ed, s\u2019han executat <strong>tasques d\u2019arranjament i millora de la seguretat als vials que transcorren en paral\u00b7lel a la via del tren<\/strong> i s\u2019ha habilitat un nou acc\u00e9s per a vehicles al Centre de Dia.<\/p>\n","protected":false},"excerpt":{"rendered":"<p>El vial ja ser\u00e0 plenament transitable a partir d\u2019aquest cap de setmana. L\u2019Ajuntament de Masquefa ha donat per acabat aquest divendres 29 de novembre el projecte urban\u00edstic de construcci\u00f3 del\u00a0nou passeig que connecta el carrer Montserrat amb l\u2019Escola Font del Roure. L\u2019actuaci\u00f3, cofinan\u00e7ada entre el consistori\u00a0i FGC, tenia com a objectiu millorar la seguretat i&hellip;<\/p>\n","protected":false},"author":7,"featured_media":23817,"comment_status":"closed","ping_status":"open","sticky":false,"template":"","format":"standard","meta":[],"categories":[96,1,73],"tags":[],"_links":{"self":[{"href":"https:\/\/masquefa.cat\/noticies\/wp-json\/wp\/v2\/posts\/23816"}],"collection":[{"href":"https:\/\/masquefa.cat\/noticies\/wp-json\/wp\/v2\/posts"}],"about":[{"href":"https:\/\/masquefa.cat\/noticies\/wp-json\/wp\/v2\/types\/post"}],"author":[{"embeddable":true,"href":"https:\/\/masquefa.cat\/noticies\/wp-json\/wp\/v2\/users\/7"}],"replies":[{"embeddable":true,"href":"https:\/\/masquefa.cat\/noticies\/wp-json\/wp\/v2\/comments?post=23816"}],"version-history":[{"count":1,"href":"https:\/\/masquefa.cat\/noticies\/wp-json\/wp\/v2\/posts\/23816\/revisions"}],"predecessor-version":[{"id":23818,"href":"https:\/\/masquefa.cat\/noticies\/wp-json\/wp\/v2\/posts\/23816\/revisions\/23818"}],"wp:featuredmedia":[{"embeddable":true,"href":"https:\/\/masquefa.cat\/noticies\/wp-json\/wp\/v2\/media\/23817"}],"wp:attachment":[{"href":"https:\/\/masquefa.cat\/noticies\/wp-json\/wp\/v2\/media?parent=23816"}],"wp:term":[{"taxonomy":"category","embeddable":true,"href":"https:\/\/masquefa.cat\/noticies\/wp-json\/wp\/v2\/categories?post=23816"},{"taxonomy":"post_tag","embeddable":true,"href":"https:\/\/masquefa.cat\/noticies\/wp-json\/wp\/v2\/tags?post=23816"}],"curies":[{"name":"wp","href":"https:\/\/api.w.org\/{rel}","templated":true}]}}