{"id":24048,"date":"2020-01-15T15:30:36","date_gmt":"2020-01-15T14:30:36","guid":{"rendered":"http:\/\/masquefa.cat\/noticies\/?p=24048"},"modified":"2020-01-16T09:19:33","modified_gmt":"2020-01-16T08:19:33","slug":"el-poligon-de-la-pedrosa-es-dota-amb-un-nou-parquing-per-a-camions","status":"publish","type":"post","link":"https:\/\/masquefa.cat\/noticies\/el-poligon-de-la-pedrosa-es-dota-amb-un-nou-parquing-per-a-camions\/","title":{"rendered":"El pol\u00edgon de La Pedrosa es dota amb un nou p\u00e0rquing per a camions"},"content":{"rendered":"<p><strong>L\u2019espai t\u00e9 capacitat per a 41 vehicles de gran tonatge i compta amb sistemes de videovigil\u00e0ncia.<\/strong><\/p>\n<p>L\u2019estiu del 2019 va entrar en funcionament a Masquefa el <strong>nou p\u00e0rquing permanent per a camions<\/strong> ubicat al <strong>pol\u00edgon industrial de La Pedrosa<\/strong>, al carrer la Pedrosa n\u00famero 2 (al costat de la companyia de distribuci\u00f3 de queviures Mercadona).<\/p>\n<p>La infraestructura est\u00e0 gestionada per la <strong>Benzinera Pedrosa Center<\/strong> (Grup Petronieves), empresa que disposa de la concessi\u00f3 d\u2019\u00fas dels terrenys de titularitat p\u00fablica on est\u00e0 ubicat l\u2019aparcament. El p\u00e0rquing es troba operatiu durant les 24 hores del dia, els 365 dies de l\u2019any, i compta amb un total de <strong>41 places<\/strong> destinades a vehicles de gran tonatge. A m\u00e9s, tamb\u00e9 disposa d\u2019un <strong>tancament perimetral<\/strong> i d\u2019un <strong>sistema de c\u00e0meres de videovigil\u00e0ncia<\/strong> amb l\u2019objectiu de garantir la seguretat i el benestar de totes les mercaderies i de tots els usuaris que en fan \u00fas.<\/p>\n<p>La taxa per \u00fas d\u2019una pla\u00e7a d\u2019aparcament ha quedat fixada aquest any 2020 en <strong>124\u20ac<\/strong> (IVA excl\u00f2s) per als habitants de Masquefa. Per a m\u00e9s informaci\u00f3 podeu trucar al tel\u00e8fon 93 772 85 36 o enviar un correu electr\u00f2nic a l\u2019adre\u00e7a <a href=\"mailto:mediosdepago@petronieves.com\">mediosdepago@petronieves.com<\/a>.<\/p>\n<p><strong><u>Una infraestructura clau per a un dels principals pols d\u2019atracci\u00f3 empresarial de l\u2019Anoia<\/u><\/strong><\/p>\n<p>El p\u00e0rquing per a camions ubicat a La Pedrosa \u2013que concentra una important representaci\u00f3 del sector industrial i log\u00edstic de Masquefa- respon a la necessitat d\u2019ordenar el tr\u00e0nsit de mercaderies de la zona, la pernoctaci\u00f3 dels vehicles i la <strong>millora de la mobilitat i els serveis del pol\u00edgon<\/strong>, en una zona que compta amb un alta activitat di\u00e0ria degut a la pres\u00e8ncia de grans ind\u00fastries.<\/p>\n<p>Precisament, els moviments industrials i log\u00edstics de les empreses que operen a la zona i que hi tenen les f\u00e0briques feien necess\u00e0ria la creaci\u00f3 d\u2019aquest nou p\u00e0rquing. L\u2019espai serveix, doncs, per reordenar el sector, i de pas donar sortida a l\u2019acumulaci\u00f3 de camions al pol\u00edgon, que aparquen de manera irregular en tota la zona.<\/p>\n<p>&nbsp;<\/p>\n","protected":false},"excerpt":{"rendered":"<p>L\u2019espai t\u00e9 capacitat per a 41 vehicles de gran tonatge i compta amb sistemes de videovigil\u00e0ncia. L\u2019estiu del 2019 va entrar en funcionament a Masquefa el nou p\u00e0rquing permanent per a camions ubicat al pol\u00edgon industrial de La Pedrosa, al carrer la Pedrosa n\u00famero 2 (al costat de la companyia de distribuci\u00f3 de queviures Mercadona).&hellip;<\/p>\n","protected":false},"author":7,"featured_media":24049,"comment_status":"closed","ping_status":"open","sticky":false,"template":"","format":"standard","meta":[],"categories":[96,1,73],"tags":[],"_links":{"self":[{"href":"https:\/\/masquefa.cat\/noticies\/wp-json\/wp\/v2\/posts\/24048"}],"collection":[{"href":"https:\/\/masquefa.cat\/noticies\/wp-json\/wp\/v2\/posts"}],"about":[{"href":"https:\/\/masquefa.cat\/noticies\/wp-json\/wp\/v2\/types\/post"}],"author":[{"embeddable":true,"href":"https:\/\/masquefa.cat\/noticies\/wp-json\/wp\/v2\/users\/7"}],"replies":[{"embeddable":true,"href":"https:\/\/masquefa.cat\/noticies\/wp-json\/wp\/v2\/comments?post=24048"}],"version-history":[{"count":2,"href":"https:\/\/masquefa.cat\/noticies\/wp-json\/wp\/v2\/posts\/24048\/revisions"}],"predecessor-version":[{"id":24051,"href":"https:\/\/masquefa.cat\/noticies\/wp-json\/wp\/v2\/posts\/24048\/revisions\/24051"}],"wp:featuredmedia":[{"embeddable":true,"href":"https:\/\/masquefa.cat\/noticies\/wp-json\/wp\/v2\/media\/24049"}],"wp:attachment":[{"href":"https:\/\/masquefa.cat\/noticies\/wp-json\/wp\/v2\/media?parent=24048"}],"wp:term":[{"taxonomy":"category","embeddable":true,"href":"https:\/\/masquefa.cat\/noticies\/wp-json\/wp\/v2\/categories?post=24048"},{"taxonomy":"post_tag","embeddable":true,"href":"https:\/\/masquefa.cat\/noticies\/wp-json\/wp\/v2\/tags?post=24048"}],"curies":[{"name":"wp","href":"https:\/\/api.w.org\/{rel}","templated":true}]}}