{"id":24637,"date":"2020-06-01T14:02:52","date_gmt":"2020-06-01T12:02:52","guid":{"rendered":"http:\/\/masquefa.cat\/noticies\/?p=24637"},"modified":"2020-06-02T18:01:24","modified_gmt":"2020-06-02T16:01:24","slug":"preinscripcions-a-lebm-la-baldufa-llistat-de-sollicituds","status":"publish","type":"post","link":"https:\/\/masquefa.cat\/noticies\/preinscripcions-a-lebm-la-baldufa-llistat-de-sollicituds\/","title":{"rendered":"Preinscripcions a l&#8217;EBM La Baldufa: llistat de sol\u00b7licituds"},"content":{"rendered":"<p><strong>El llistat de sol\u00b7licituds amb la puntuaci\u00f3 provisional es podr\u00e0 consultar a partir del 2 de juny a trav\u00e9s d&#8217;aquest <a href=\"https:\/\/ajmasquefa-multimedia-wp.s3.eu-central-1.amazonaws.com\/wp-content\/uploads\/sites\/22\/2020\/06\/02094714\/INSTRUC-PREINSCRIPCI%C3%93-BRESSOL-20-21-llistat.pdf\" target=\"_blank\" rel=\"noopener\">enlla\u00e7<\/a> o prement <a href=\"https:\/\/ajmasquefa-multimedia-wp.s3.eu-central-1.amazonaws.com\/wp-content\/uploads\/sites\/22\/2020\/06\/02180049\/llista-puntuaci%C3%B3.pdf\" target=\"_blank\" rel=\"noopener\">aqu\u00ed<\/a>.<\/strong><\/p>\n<p>L&#8217;Ajuntament de Masquefa informa que un cop finalitzat\u00a0el per\u00edode de preinscripci\u00f3 a l&#8217;<strong>Escola Bressol Municipal La Baldufa<\/strong> per al curs 2020-2021 s&#8217;han registrat un total de <strong>19 sol\u00b7licituds<\/strong>.<\/p>\n<p>A partir del 2 de juny es podr\u00e0\u00a0consultar la <strong>llista de sol\u00b7licituds amb la puntuaci\u00f3 provisional<\/strong> en el seg\u00fcent\u00a0<strong><a href=\"https:\/\/ajmasquefa-multimedia-wp.s3.eu-central-1.amazonaws.com\/wp-content\/uploads\/sites\/22\/2020\/06\/02094714\/INSTRUC-PREINSCRIPCI%C3%93-BRESSOL-20-21-llistat.pdf\" target=\"_blank\" rel=\"noopener\">enlla\u00e7<\/a> <\/strong>o prement <strong><a href=\"https:\/\/ajmasquefa-multimedia-wp.s3.eu-central-1.amazonaws.com\/wp-content\/uploads\/sites\/22\/2020\/06\/02180049\/llista-puntuaci%C3%B3.pdf\" target=\"_blank\" rel=\"noopener\">aqu\u00ed<\/a><\/strong>.<\/p>\n","protected":false},"excerpt":{"rendered":"<p>El llistat de sol\u00b7licituds amb la puntuaci\u00f3 provisional es podr\u00e0 consultar a partir del 2 de juny a trav\u00e9s d&#8217;aquest enlla\u00e7 o prement aqu\u00ed. L&#8217;Ajuntament de Masquefa informa que un cop finalitzat\u00a0el per\u00edode de preinscripci\u00f3 a l&#8217;Escola Bressol Municipal La Baldufa per al curs 2020-2021 s&#8217;han registrat un total de 19 sol\u00b7licituds. A partir del&hellip;<\/p>\n","protected":false},"author":7,"featured_media":24638,"comment_status":"closed","ping_status":"open","sticky":false,"template":"","format":"standard","meta":[],"categories":[96,62,1],"tags":[],"_links":{"self":[{"href":"https:\/\/masquefa.cat\/noticies\/wp-json\/wp\/v2\/posts\/24637"}],"collection":[{"href":"https:\/\/masquefa.cat\/noticies\/wp-json\/wp\/v2\/posts"}],"about":[{"href":"https:\/\/masquefa.cat\/noticies\/wp-json\/wp\/v2\/types\/post"}],"author":[{"embeddable":true,"href":"https:\/\/masquefa.cat\/noticies\/wp-json\/wp\/v2\/users\/7"}],"replies":[{"embeddable":true,"href":"https:\/\/masquefa.cat\/noticies\/wp-json\/wp\/v2\/comments?post=24637"}],"version-history":[{"count":5,"href":"https:\/\/masquefa.cat\/noticies\/wp-json\/wp\/v2\/posts\/24637\/revisions"}],"predecessor-version":[{"id":24648,"href":"https:\/\/masquefa.cat\/noticies\/wp-json\/wp\/v2\/posts\/24637\/revisions\/24648"}],"wp:featuredmedia":[{"embeddable":true,"href":"https:\/\/masquefa.cat\/noticies\/wp-json\/wp\/v2\/media\/24638"}],"wp:attachment":[{"href":"https:\/\/masquefa.cat\/noticies\/wp-json\/wp\/v2\/media?parent=24637"}],"wp:term":[{"taxonomy":"category","embeddable":true,"href":"https:\/\/masquefa.cat\/noticies\/wp-json\/wp\/v2\/categories?post=24637"},{"taxonomy":"post_tag","embeddable":true,"href":"https:\/\/masquefa.cat\/noticies\/wp-json\/wp\/v2\/tags?post=24637"}],"curies":[{"name":"wp","href":"https:\/\/api.w.org\/{rel}","templated":true}]}}