{"id":24682,"date":"2020-06-07T15:22:27","date_gmt":"2020-06-07T13:22:27","guid":{"rendered":"http:\/\/masquefa.cat\/noticies\/?p=24682"},"modified":"2020-06-08T11:06:13","modified_gmt":"2020-06-08T09:06:13","slug":"masquefa-comptara-amb-habitatge-dotacional-public-a-ledifici-de-lantic-cinema","status":"publish","type":"post","link":"https:\/\/masquefa.cat\/noticies\/masquefa-comptara-amb-habitatge-dotacional-public-a-ledifici-de-lantic-cinema\/","title":{"rendered":"Masquefa comptar\u00e0 amb habitatge dotacional p\u00fablic a l\u2019edifici de l\u2019antic cinema"},"content":{"rendered":"<p><strong>La Comissi\u00f3 territorial d\u2019urbanisme del Pened\u00e8s aprova el pla per situar un centre de dia als baixos de l\u2019antic edifici i 6 habitatges dotacionals p\u00fablics al primer pis. <\/strong><\/p>\n<p>La Comissi\u00f3 territorial d\u2019urbanisme del Pened\u00e8s ha donat conformitat al text ref\u00f3s de la modificaci\u00f3 de planejament de Masquefa que possibilitar\u00e0 la <strong>construcci\u00f3 d\u2019habitatge dotacional p\u00fablic<\/strong>. Es tracta de pisos en s\u00f2ls de titularitat p\u00fablica destinats a satisfer les necessitats temporals de determinats col\u00b7lectius amb necessitats d\u2019acollida, d\u2019assist\u00e8ncia residencial o d\u2019emancipaci\u00f3.<\/p>\n<p>En concret, la modificaci\u00f3 crea la normativa necess\u00e0ria per poder construir aquest tipus d\u2019habitatges a tot el terme municipal. A m\u00e9s, fixa, espec\u00edficament, les condicions d\u2019ordenaci\u00f3 per als primers habitatges d\u2019aquest tipus que es construiran a Masquefa. Aix\u00ed, <strong>s\u2019habilitaran a l\u2019edifici de l\u2019antic cinema de Masquefa<\/strong>, situat davant de l\u2019Ajuntament, entre l\u2019avinguda de Can Valls i el passatge del Corral\u00f3.<\/p>\n<p>A la primera planta d\u2019aquest immoble s\u2019habilitaran <strong>6 pisos dotacionals p\u00fablics<\/strong>, amb una superf\u00edcie d\u2019entre 36 i 43 m2 , intercalats amb espais lliures d\u2019\u00fas comunitari. A la planta baixa s\u2019ubicar\u00e0 un <strong>centre de dia per a gent gran<\/strong>. El text ref\u00f3s aprovat, a m\u00e9s, fixa l\u2019obligaci\u00f3 de conservar i rehabilitar la fa\u00e7ana catalogada de l\u2019antic cinema i tamb\u00e9 preveu el manteniment del passatge del Corral\u00f3.<\/p>\n","protected":false},"excerpt":{"rendered":"<p>La Comissi\u00f3 territorial d\u2019urbanisme del Pened\u00e8s aprova el pla per situar un centre de dia als baixos de l\u2019antic edifici i 6 habitatges dotacionals p\u00fablics al primer pis. La Comissi\u00f3 territorial d\u2019urbanisme del Pened\u00e8s ha donat conformitat al text ref\u00f3s de la modificaci\u00f3 de planejament de Masquefa que possibilitar\u00e0 la construcci\u00f3 d\u2019habitatge dotacional p\u00fablic. Es&hellip;<\/p>\n","protected":false},"author":7,"featured_media":24684,"comment_status":"closed","ping_status":"open","sticky":false,"template":"","format":"standard","meta":[],"categories":[96,1,73],"tags":[],"_links":{"self":[{"href":"https:\/\/masquefa.cat\/noticies\/wp-json\/wp\/v2\/posts\/24682"}],"collection":[{"href":"https:\/\/masquefa.cat\/noticies\/wp-json\/wp\/v2\/posts"}],"about":[{"href":"https:\/\/masquefa.cat\/noticies\/wp-json\/wp\/v2\/types\/post"}],"author":[{"embeddable":true,"href":"https:\/\/masquefa.cat\/noticies\/wp-json\/wp\/v2\/users\/7"}],"replies":[{"embeddable":true,"href":"https:\/\/masquefa.cat\/noticies\/wp-json\/wp\/v2\/comments?post=24682"}],"version-history":[{"count":1,"href":"https:\/\/masquefa.cat\/noticies\/wp-json\/wp\/v2\/posts\/24682\/revisions"}],"predecessor-version":[{"id":24683,"href":"https:\/\/masquefa.cat\/noticies\/wp-json\/wp\/v2\/posts\/24682\/revisions\/24683"}],"wp:featuredmedia":[{"embeddable":true,"href":"https:\/\/masquefa.cat\/noticies\/wp-json\/wp\/v2\/media\/24684"}],"wp:attachment":[{"href":"https:\/\/masquefa.cat\/noticies\/wp-json\/wp\/v2\/media?parent=24682"}],"wp:term":[{"taxonomy":"category","embeddable":true,"href":"https:\/\/masquefa.cat\/noticies\/wp-json\/wp\/v2\/categories?post=24682"},{"taxonomy":"post_tag","embeddable":true,"href":"https:\/\/masquefa.cat\/noticies\/wp-json\/wp\/v2\/tags?post=24682"}],"curies":[{"name":"wp","href":"https:\/\/api.w.org\/{rel}","templated":true}]}}