{"id":24916,"date":"2020-09-15T15:39:11","date_gmt":"2020-09-15T13:39:11","guid":{"rendered":"http:\/\/masquefa.cat\/noticies\/?p=24916"},"modified":"2020-09-16T10:07:45","modified_gmt":"2020-09-16T08:07:45","slug":"saps-que-el-casal-de-joves-de-masquefa-tofereix-assessorament-per-sollicitar-les-beques-del-ministerio-de-educacion-per-a-estudis-postobligatoris","status":"publish","type":"post","link":"https:\/\/masquefa.cat\/noticies\/saps-que-el-casal-de-joves-de-masquefa-tofereix-assessorament-per-sollicitar-les-beques-del-ministerio-de-educacion-per-a-estudis-postobligatoris\/","title":{"rendered":"Saps que el Casal de Joves de Masquefa t\u2019ofereix assessorament per sol\u00b7licitar les beques del Ministerio de Educaci\u00f3n per a estudis postobligatoris?"},"content":{"rendered":"<p><strong>Els interessats hauran de demanar cita pr\u00e8via al Casal. El termini de presentaci\u00f3 de sol\u00b7licituds finalitza el proper 1 d\u2019octubre per als estudis no universitaris i el 15 del mateix mes per a la formaci\u00f3 universit\u00e0ria. <\/strong><\/p>\n<p>El Casal de Joves de Masquefa ofereix assessorament i un servei d\u2019orientaci\u00f3 per tal d\u2019ajudar a tramitar la sol\u00b7licitud de beques per a estudis postobligatoris (tant de car\u00e0cter universitari com no universitari) que el passat mes d\u2019agost va convocar el Ministerio de Educaci\u00f3n. El termini de presentaci\u00f3 de sol\u00b7licituds per a obtenir aquests ajuts restar\u00e0 obert fins a l\u20191 d\u2019octubre en el cas d\u2019estudis no universitaris i fins al 15 del mateix mes en el cas dels universitaris.<\/p>\n<p>Els interessats hauran de demanar <strong>cita pr\u00e8via<\/strong>, tot trucant als tel\u00e8fons de l\u2019equipament (<strong>93 772 85 21 \/ 671 060 976<\/strong>), enviant un missatge de WhatsApp a aquest mateix m\u00f2bil indicat o b\u00e9 enviant un correu a <a href=\"mailto:joventut@masquefa.net\">joventut@masquefa.net<\/a>.<\/p>\n<p>A la sessi\u00f3 d\u2019orientaci\u00f3, caldr\u00e0 aportar la seg\u00fcent documentaci\u00f3:<\/p>\n<ul>\n<li>DNI\/NIE de tota la unitat familiar (fotoc\u00f2pia o foto al m\u00f2bil per les dues cares)<\/li>\n<li>N\u00famero del compte destinatari de la beca<\/li>\n<li>Carnets de fam\u00edlia nombrosa (en cas que se\u2019ns disposi)<\/li>\n<li>Nom del centre on es cursaran els estudis<\/li>\n<li>Tel\u00e8fon m\u00f2bil des del qual puguin accedir al correu electr\u00f2nic<\/li>\n<\/ul>\n<p>A banda d&#8217;aportar la documentaci\u00f3 descrita, tamb\u00e9 cal acudir a la cita sabent si els membres de la fam\u00edlia van realitzar la declaraci\u00f3 de la renda l&#8217;any 2019 (no \u00e9s necessari portar-la).<\/p>\n<p>&nbsp;<\/p>\n<p>&nbsp;<\/p>\n<p>&nbsp;<\/p>\n<p>&nbsp;<\/p>\n","protected":false},"excerpt":{"rendered":"<p>Els interessats hauran de demanar cita pr\u00e8via al Casal. El termini de presentaci\u00f3 de sol\u00b7licituds finalitza el proper 1 d\u2019octubre per als estudis no universitaris i el 15 del mateix mes per a la formaci\u00f3 universit\u00e0ria. El Casal de Joves de Masquefa ofereix assessorament i un servei d\u2019orientaci\u00f3 per tal d\u2019ajudar a tramitar la sol\u00b7licitud&hellip;<\/p>\n","protected":false},"author":7,"featured_media":24917,"comment_status":"closed","ping_status":"open","sticky":false,"template":"","format":"standard","meta":[],"categories":[96,1,65],"tags":[],"_links":{"self":[{"href":"https:\/\/masquefa.cat\/noticies\/wp-json\/wp\/v2\/posts\/24916"}],"collection":[{"href":"https:\/\/masquefa.cat\/noticies\/wp-json\/wp\/v2\/posts"}],"about":[{"href":"https:\/\/masquefa.cat\/noticies\/wp-json\/wp\/v2\/types\/post"}],"author":[{"embeddable":true,"href":"https:\/\/masquefa.cat\/noticies\/wp-json\/wp\/v2\/users\/7"}],"replies":[{"embeddable":true,"href":"https:\/\/masquefa.cat\/noticies\/wp-json\/wp\/v2\/comments?post=24916"}],"version-history":[{"count":4,"href":"https:\/\/masquefa.cat\/noticies\/wp-json\/wp\/v2\/posts\/24916\/revisions"}],"predecessor-version":[{"id":24921,"href":"https:\/\/masquefa.cat\/noticies\/wp-json\/wp\/v2\/posts\/24916\/revisions\/24921"}],"wp:featuredmedia":[{"embeddable":true,"href":"https:\/\/masquefa.cat\/noticies\/wp-json\/wp\/v2\/media\/24917"}],"wp:attachment":[{"href":"https:\/\/masquefa.cat\/noticies\/wp-json\/wp\/v2\/media?parent=24916"}],"wp:term":[{"taxonomy":"category","embeddable":true,"href":"https:\/\/masquefa.cat\/noticies\/wp-json\/wp\/v2\/categories?post=24916"},{"taxonomy":"post_tag","embeddable":true,"href":"https:\/\/masquefa.cat\/noticies\/wp-json\/wp\/v2\/tags?post=24916"}],"curies":[{"name":"wp","href":"https:\/\/api.w.org\/{rel}","templated":true}]}}