{"id":24935,"date":"2020-09-24T11:22:35","date_gmt":"2020-09-24T09:22:35","guid":{"rendered":"http:\/\/masquefa.cat\/noticies\/?p=24935"},"modified":"2020-09-24T12:44:18","modified_gmt":"2020-09-24T10:44:18","slug":"arriba-el-taller-en-linia-creixer-en-familia","status":"publish","type":"post","link":"https:\/\/masquefa.cat\/noticies\/arriba-el-taller-en-linia-creixer-en-familia\/","title":{"rendered":"Arriba el taller en l\u00ednia \u2018Cr\u00e9ixer en Fam\u00edlia\u2019"},"content":{"rendered":"<p><strong>La proposta, que es dividir\u00e0 en sis sessions, vol donar eines i recursos als pares i mares amb nens i nenes de 0 a 3 anys per fomentar una crian\u00e7a positiva<\/strong><\/p>\n<p>De la m\u00e0 de la Generalitat de Catalunya, l\u2019Ajuntament proposa a les fam\u00edlies del municipi una nova formaci\u00f3 gratu\u00efta en l\u00ednia. La iniciativa \u2018Cr\u00e9ixer en Fam\u00edlia\u2019 vol ajudar els pares i mares a reflexionar i intercanviar viv\u00e8ncies sobre l\u2019educaci\u00f3 dels fills i filles. Les sessions comptaran amb la participaci\u00f3 d\u2019un professional expert, que dinamitzar\u00e0 les trobades i oferir\u00e0 eines, recursos i consells per a promoure la crian\u00e7a positiva dels infants.<\/p>\n<p>Especialment dissenyada per a pares i mares amb infants d\u2019entre 0 i 3 anys, la proposta constar\u00e0 de sis sessions de dues hores de durada que es faran de manera telem\u00e0tica. Les trobades virtuals estan previstes per als dies 19 i 26 d\u2019octubre i els dies 2, 9, 16 i 23 de novembre, de 17.30 a 19.30 hores.<\/p>\n<p>Per a participar-hi, cal enviar un correu electr\u00f2nic a <a href=\"mailto:educaci\u00f3@masquefa.net\">educaci\u00f3@masquefa.net<\/a>. Es demana, per\u00f2, un comprom\u00eds d\u2019assist\u00e8ncia al m\u00e0xim nombre de sessions possibles.<\/p>\n<p>Pots trobar m\u00e9s informaci\u00f3 <a href=\"https:\/\/treballiaferssocials.gencat.cat\/ca\/ambits_tematics\/families\/formacio_per_a_pares_i_mares\/creixer_en_familia\/que_oferim\/0-3\/)\">aqu\u00ed<\/a>.<\/p>\n","protected":false},"excerpt":{"rendered":"<p>La proposta, que es dividir\u00e0 en sis sessions, vol donar eines i recursos als pares i mares amb nens i nenes de 0 a 3 anys per fomentar una crian\u00e7a positiva De la m\u00e0 de la Generalitat de Catalunya, l\u2019Ajuntament proposa a les fam\u00edlies del municipi una nova formaci\u00f3 gratu\u00efta en l\u00ednia. La iniciativa \u2018Cr\u00e9ixer&hellip;<\/p>\n","protected":false},"author":7,"featured_media":24944,"comment_status":"closed","ping_status":"open","sticky":false,"template":"","format":"standard","meta":[],"categories":[59,96,1],"tags":[],"_links":{"self":[{"href":"https:\/\/masquefa.cat\/noticies\/wp-json\/wp\/v2\/posts\/24935"}],"collection":[{"href":"https:\/\/masquefa.cat\/noticies\/wp-json\/wp\/v2\/posts"}],"about":[{"href":"https:\/\/masquefa.cat\/noticies\/wp-json\/wp\/v2\/types\/post"}],"author":[{"embeddable":true,"href":"https:\/\/masquefa.cat\/noticies\/wp-json\/wp\/v2\/users\/7"}],"replies":[{"embeddable":true,"href":"https:\/\/masquefa.cat\/noticies\/wp-json\/wp\/v2\/comments?post=24935"}],"version-history":[{"count":2,"href":"https:\/\/masquefa.cat\/noticies\/wp-json\/wp\/v2\/posts\/24935\/revisions"}],"predecessor-version":[{"id":24945,"href":"https:\/\/masquefa.cat\/noticies\/wp-json\/wp\/v2\/posts\/24935\/revisions\/24945"}],"wp:featuredmedia":[{"embeddable":true,"href":"https:\/\/masquefa.cat\/noticies\/wp-json\/wp\/v2\/media\/24944"}],"wp:attachment":[{"href":"https:\/\/masquefa.cat\/noticies\/wp-json\/wp\/v2\/media?parent=24935"}],"wp:term":[{"taxonomy":"category","embeddable":true,"href":"https:\/\/masquefa.cat\/noticies\/wp-json\/wp\/v2\/categories?post=24935"},{"taxonomy":"post_tag","embeddable":true,"href":"https:\/\/masquefa.cat\/noticies\/wp-json\/wp\/v2\/tags?post=24935"}],"curies":[{"name":"wp","href":"https:\/\/api.w.org\/{rel}","templated":true}]}}