{"id":25085,"date":"2020-11-04T11:14:05","date_gmt":"2020-11-04T10:14:05","guid":{"rendered":"http:\/\/masquefa.cat\/noticies\/?p=25085"},"modified":"2020-11-11T08:50:51","modified_gmt":"2020-11-11T07:50:51","slug":"lajuntament-incorpora-una-funcionaria-interina-administrativa","status":"publish","type":"post","link":"https:\/\/masquefa.cat\/noticies\/lajuntament-incorpora-una-funcionaria-interina-administrativa\/","title":{"rendered":"L\u2019Ajuntament nomena a la senyora Tyfanni Avil\u00e9s Andrade com a\u00a0funcion\u00e0ria interina administrativa"},"content":{"rendered":"<p><strong>La senyora Tyfanni Avil\u00e9s Andrade ocupar\u00e0 el seu lloc de treball des de l\u20191 de novembre de 2020 i fins al 31 de gener de 2021.<\/strong><\/p>\n<p>L\u2019Ajuntament de Masquefa ha nomenat a la senyora<strong>\u00a0Tyfanni Avil\u00e9s Andrade<\/strong>\u00a0com a\u00a0<strong>funcion\u00e0ria interina administrativa<\/strong> per un per\u00edode de tres mesos, des de l\u20191 de novembre de 2020 i fins al 31 de gener de 2021. La senyora Tyfanni Avil\u00e9s Andrade realitzar\u00e0\u00a0<strong>tasques de suport administratives a l\u2019\u00e0rea de Recursos Humans<\/strong><\/p>\n","protected":false},"excerpt":{"rendered":"<p>La senyora Tyfanni Avil\u00e9s Andrade ocupar\u00e0 el seu lloc de treball des de l\u20191 de novembre de 2020 i fins al 31 de gener de 2021. L\u2019Ajuntament de Masquefa ha nomenat a la senyora\u00a0Tyfanni Avil\u00e9s Andrade\u00a0com a\u00a0funcion\u00e0ria interina administrativa per un per\u00edode de tres mesos, des de l\u20191 de novembre de 2020 i fins al&hellip;<\/p>\n","protected":false},"author":7,"featured_media":25086,"comment_status":"closed","ping_status":"open","sticky":false,"template":"","format":"standard","meta":[],"categories":[95],"tags":[],"_links":{"self":[{"href":"https:\/\/masquefa.cat\/noticies\/wp-json\/wp\/v2\/posts\/25085"}],"collection":[{"href":"https:\/\/masquefa.cat\/noticies\/wp-json\/wp\/v2\/posts"}],"about":[{"href":"https:\/\/masquefa.cat\/noticies\/wp-json\/wp\/v2\/types\/post"}],"author":[{"embeddable":true,"href":"https:\/\/masquefa.cat\/noticies\/wp-json\/wp\/v2\/users\/7"}],"replies":[{"embeddable":true,"href":"https:\/\/masquefa.cat\/noticies\/wp-json\/wp\/v2\/comments?post=25085"}],"version-history":[{"count":3,"href":"https:\/\/masquefa.cat\/noticies\/wp-json\/wp\/v2\/posts\/25085\/revisions"}],"predecessor-version":[{"id":25113,"href":"https:\/\/masquefa.cat\/noticies\/wp-json\/wp\/v2\/posts\/25085\/revisions\/25113"}],"wp:featuredmedia":[{"embeddable":true,"href":"https:\/\/masquefa.cat\/noticies\/wp-json\/wp\/v2\/media\/25086"}],"wp:attachment":[{"href":"https:\/\/masquefa.cat\/noticies\/wp-json\/wp\/v2\/media?parent=25085"}],"wp:term":[{"taxonomy":"category","embeddable":true,"href":"https:\/\/masquefa.cat\/noticies\/wp-json\/wp\/v2\/categories?post=25085"},{"taxonomy":"post_tag","embeddable":true,"href":"https:\/\/masquefa.cat\/noticies\/wp-json\/wp\/v2\/tags?post=25085"}],"curies":[{"name":"wp","href":"https:\/\/api.w.org\/{rel}","templated":true}]}}