{"id":25114,"date":"2020-11-11T13:20:17","date_gmt":"2020-11-11T12:20:17","guid":{"rendered":"http:\/\/masquefa.cat\/noticies\/?p=25114"},"modified":"2020-11-11T13:20:17","modified_gmt":"2020-11-11T12:20:17","slug":"el-gran-recapte-2020-es-transforma-i-es-portara-a-terme-virtualment","status":"publish","type":"post","link":"https:\/\/masquefa.cat\/noticies\/el-gran-recapte-2020-es-transforma-i-es-portara-a-terme-virtualment\/","title":{"rendered":"El Gran Recapte 2020 es transforma i es portar\u00e0 a terme virtualment"},"content":{"rendered":"<p><strong>Tots els ve\u00efnes podran participar en la nova edici\u00f3 del Gran Recapte fent donacions al web granrecapteonline.com i a la caixa dels comer\u00e7os i supermercats de Masquefa, a trav\u00e9s de vals de diferent valor.<\/strong><\/p>\n<p>L\u2019Ajuntament, en col\u00b7laboraci\u00f3 amb l\u2019Associaci\u00f3 del Grup de Voluntaris de Masquefa, se suma un any m\u00e9s a la celebraci\u00f3 del <strong>Gran Recapte d\u2019Aliments<\/strong> organitzat pel Banc d\u2019Aliments de Catalunya, una iniciativa solid\u00e0ria destinada a oferir aliments i productes b\u00e0sics a persones que es troben en situaci\u00f3 de precarietat econ\u00f2mica i social.<\/p>\n<p>Aquest any, com a conseq\u00fc\u00e8ncia de la situaci\u00f3 de crisi sanit\u00e0ria en la que ens trobem immersos per la Covid-19, s\u2019han introdu\u00eft canvis en el format de la campanya, transformant-se en un<strong> gran recapte virtual<\/strong>, per minimitzar el risc de contagi i suprimir la classificaci\u00f3 dels aliments recaptats. Aix\u00ed, es posa en marxa un Gran Recapte on <strong>es substitueix la recollida f\u00edsica d\u2019aliments per una recollida virtual<\/strong>, a trav\u00e9s de donacions econ\u00f2miques.<\/p>\n<p>La campanya en l\u00ednia comen\u00e7ar\u00e0 el 16 de novembre i finalitzar\u00e0 el 13 de desembre, i a Masquefa i a La Beguda Alta <strong>les donacions es podran realitzar als comer\u00e7os i grans superf\u00edcies del 16 al 22 de novembre<\/strong>. Les formes de participaci\u00f3 al Gran Recapte d\u2019Aliments en aquesta edici\u00f3 s\u00f3n tres:<\/p>\n<ul>\n<li><strong>Grans superf\u00edcies<\/strong>: del 16 i fins al 22 de novembre, a les grans cadenes Condis, Mercadona i Bon \u00c0rea es podran fer donacions monet\u00e0ries a les caixes, en el moment que es pagui la resta de la compra. Les donacions seran de la quantitat que cada persona determini.<\/li>\n<li><strong>Comer\u00e7os<\/strong>: en les mateixes dates, en algunes botigues de proximitat es podran comprar tiquets, per valors de 3 euros per donar productes b\u00e0sics de primera necessitat.<\/li>\n<li><strong>Online<\/strong>: a partir del 16 de novembre i fins al 13 de desembre es podran fer donacions a trav\u00e9s del <a href=\"https:\/\/www.granrecapte.com\/\" target=\"_blank\" rel=\"noopener noreferrer\">web del Gran Recapte<\/a> i per bizum al n\u00famero 33596.<\/li>\n<\/ul>\n<p><em><strong>Aquest any, el Gran Recapte \u00e9s m\u00e9s necessari que mai<\/strong><\/em><\/p>\n<p>L\u2019emerg\u00e8ncia social generada a conseq\u00fc\u00e8ncia de l\u2019emerg\u00e8ncia sanit\u00e0ria provocada per la Covid-19 ha fet que la distribuci\u00f3 d\u2019aliments s\u2019hagi incrementat de forma dram\u00e0tica. Al llarg del 2020, el Banc d\u2019Aliments de Catalunya ha distribu\u00efts m\u00e9s de 15 milions de quilos d\u2019aliments que han arribat a 262 mil persones a trav\u00e9s de 636 entitats receptores. Tamb\u00e9 s\u2019han distribu\u00eft 275 mil \u00e0pats cuinats durant el confinament. El valor d\u2019adquisici\u00f3 pel p\u00fablic dels aliments distribu\u00efts s\u2019estima en uns 35 milions d\u2019euros. Si la demanda segueix augmentant, no es podr\u00e0 garantir el repartiment d\u2019aliments els pr\u00f2xims mesos. \u00c9s per aix\u00f2 que, aquest any, el Gran Recapte \u00e9s m\u00e9s necessari que mai.<\/p>\n","protected":false},"excerpt":{"rendered":"<p>Tots els ve\u00efnes podran participar en la nova edici\u00f3 del Gran Recapte fent donacions al web granrecapteonline.com i a la caixa dels comer\u00e7os i supermercats de Masquefa, a trav\u00e9s de vals de diferent valor. L\u2019Ajuntament, en col\u00b7laboraci\u00f3 amb l\u2019Associaci\u00f3 del Grup de Voluntaris de Masquefa, se suma un any m\u00e9s a la celebraci\u00f3 del Gran&hellip;<\/p>\n","protected":false},"author":7,"featured_media":25115,"comment_status":"closed","ping_status":"open","sticky":false,"template":"","format":"standard","meta":[],"categories":[96,1,85],"tags":[],"_links":{"self":[{"href":"https:\/\/masquefa.cat\/noticies\/wp-json\/wp\/v2\/posts\/25114"}],"collection":[{"href":"https:\/\/masquefa.cat\/noticies\/wp-json\/wp\/v2\/posts"}],"about":[{"href":"https:\/\/masquefa.cat\/noticies\/wp-json\/wp\/v2\/types\/post"}],"author":[{"embeddable":true,"href":"https:\/\/masquefa.cat\/noticies\/wp-json\/wp\/v2\/users\/7"}],"replies":[{"embeddable":true,"href":"https:\/\/masquefa.cat\/noticies\/wp-json\/wp\/v2\/comments?post=25114"}],"version-history":[{"count":1,"href":"https:\/\/masquefa.cat\/noticies\/wp-json\/wp\/v2\/posts\/25114\/revisions"}],"predecessor-version":[{"id":25116,"href":"https:\/\/masquefa.cat\/noticies\/wp-json\/wp\/v2\/posts\/25114\/revisions\/25116"}],"wp:featuredmedia":[{"embeddable":true,"href":"https:\/\/masquefa.cat\/noticies\/wp-json\/wp\/v2\/media\/25115"}],"wp:attachment":[{"href":"https:\/\/masquefa.cat\/noticies\/wp-json\/wp\/v2\/media?parent=25114"}],"wp:term":[{"taxonomy":"category","embeddable":true,"href":"https:\/\/masquefa.cat\/noticies\/wp-json\/wp\/v2\/categories?post=25114"},{"taxonomy":"post_tag","embeddable":true,"href":"https:\/\/masquefa.cat\/noticies\/wp-json\/wp\/v2\/tags?post=25114"}],"curies":[{"name":"wp","href":"https:\/\/api.w.org\/{rel}","templated":true}]}}