{"id":25362,"date":"2021-01-14T14:37:19","date_gmt":"2021-01-14T13:37:19","guid":{"rendered":"http:\/\/masquefa.cat\/noticies\/?p=25362"},"modified":"2021-01-14T14:48:24","modified_gmt":"2021-01-14T13:48:24","slug":"ets-una-entitat-i-necessites-fer-tramits-en-linia-tens-dubtes-amb-la-gestio-de-la-teva-subvencio-apuntat-a-la-formacio-en-les-eines-de-la-tramitacio-electronica-i-gestio-de-subvencions-mun","status":"publish","type":"post","link":"https:\/\/masquefa.cat\/noticies\/ets-una-entitat-i-necessites-fer-tramits-en-linia-tens-dubtes-amb-la-gestio-de-la-teva-subvencio-apuntat-a-la-formacio-en-les-eines-de-la-tramitacio-electronica-i-gestio-de-subvencions-mun\/","title":{"rendered":"Ets una entitat i necessites fer tr\u00e0mits en l\u00ednia? Tens dubtes amb la gesti\u00f3 de la teva subvenci\u00f3? Apunta\u2019t a la formaci\u00f3 en les eines de la tramitaci\u00f3 electr\u00f2nica i gesti\u00f3 de subvencions municipals!"},"content":{"rendered":"<p><strong>El curs online es dur\u00e0 a terme del 25 al 31 de gener i per a participar-hi cal inscriure\u2019s pr\u00e8viament a trav\u00e9s del seg\u00fcent <u><a href=\"https:\/\/masquefa.cat\/tic\/inscripcionsonline\/\">enlla\u00e7<\/a><\/u>.<\/strong><\/p>\n<p>Des de l\u2019Ajuntament volem promoure l\u2019\u00fas del canal digital i dels mitjans d\u2019identificaci\u00f3 electr\u00f2nica entre els col\u00b7lectius obligats. Per tot plegat, a trav\u00e9s d\u2019una subvenci\u00f3 de la Diputaci\u00f3 de Barcelona, el Centre Tecnol\u00f2gic Comunitari (CTC) de Masquefa impulsa aquest mes de gener una <strong>formaci\u00f3 telem\u00e0tica sobre el canal electr\u00f2nic i la gesti\u00f3 de subvencions adre\u00e7ada a les entitats locals<\/strong>.<\/p>\n<p>El curs es dur\u00e0 a terme \u00edntegrament en l\u00ednia del 25 al 31 de gener i entre les tem\u00e0tiques que s\u2019hi tractaran hi ha:<\/p>\n<ul>\n<li>Constituci\u00f3 d\u2019entitats<\/li>\n<li>Registre municipal d\u2019entitats<\/li>\n<li>Certificat digital<\/li>\n<li>Seu electr\u00f2nica<\/li>\n<li>Signatura digital<\/li>\n<li>Notificacions electr\u00f2niques<\/li>\n<li>Subvencions a entitats municipals<\/li>\n<li>Assessoraments<\/li>\n<\/ul>\n<p>Aix\u00ed, aquelles entitats que prenguin part del curs aprendran els mecanismes i eines necessaris per a fer tr\u00e0mits de forma 100% electr\u00f2nica amb l\u2019Ajuntament i sol\u00b7licitar i justificar subvencions municipals.<\/p>\n<p>Per a participar de la formaci\u00f3 cal inscriure\u2019s pr\u00e8viament abans de l\u2019inici del curs a trav\u00e9s del seg\u00fcent <strong><u><a href=\"https:\/\/masquefa.cat\/tic\/inscripcionsonline\/\">enlla\u00e7<\/a><\/u><\/strong>. Per a m\u00e9s informaci\u00f3 podeu trucar al tel\u00e8fon 93 772 78 28 o enviar un correu electr\u00f2nic a l\u2019adre\u00e7a <a href=\"mailto:ctc@masquefa.net\">ctc@masquefa.net<\/a>.<\/p>\n","protected":false},"excerpt":{"rendered":"<p>El curs online es dur\u00e0 a terme del 25 al 31 de gener i per a participar-hi cal inscriure\u2019s pr\u00e8viament a trav\u00e9s del seg\u00fcent enlla\u00e7. Des de l\u2019Ajuntament volem promoure l\u2019\u00fas del canal digital i dels mitjans d\u2019identificaci\u00f3 electr\u00f2nica entre els col\u00b7lectius obligats. Per tot plegat, a trav\u00e9s d\u2019una subvenci\u00f3 de la Diputaci\u00f3 de Barcelona,&hellip;<\/p>\n","protected":false},"author":7,"featured_media":25363,"comment_status":"closed","ping_status":"open","sticky":false,"template":"","format":"standard","meta":[],"categories":[96,93,1,67,55],"tags":[],"_links":{"self":[{"href":"https:\/\/masquefa.cat\/noticies\/wp-json\/wp\/v2\/posts\/25362"}],"collection":[{"href":"https:\/\/masquefa.cat\/noticies\/wp-json\/wp\/v2\/posts"}],"about":[{"href":"https:\/\/masquefa.cat\/noticies\/wp-json\/wp\/v2\/types\/post"}],"author":[{"embeddable":true,"href":"https:\/\/masquefa.cat\/noticies\/wp-json\/wp\/v2\/users\/7"}],"replies":[{"embeddable":true,"href":"https:\/\/masquefa.cat\/noticies\/wp-json\/wp\/v2\/comments?post=25362"}],"version-history":[{"count":3,"href":"https:\/\/masquefa.cat\/noticies\/wp-json\/wp\/v2\/posts\/25362\/revisions"}],"predecessor-version":[{"id":25377,"href":"https:\/\/masquefa.cat\/noticies\/wp-json\/wp\/v2\/posts\/25362\/revisions\/25377"}],"wp:featuredmedia":[{"embeddable":true,"href":"https:\/\/masquefa.cat\/noticies\/wp-json\/wp\/v2\/media\/25363"}],"wp:attachment":[{"href":"https:\/\/masquefa.cat\/noticies\/wp-json\/wp\/v2\/media?parent=25362"}],"wp:term":[{"taxonomy":"category","embeddable":true,"href":"https:\/\/masquefa.cat\/noticies\/wp-json\/wp\/v2\/categories?post=25362"},{"taxonomy":"post_tag","embeddable":true,"href":"https:\/\/masquefa.cat\/noticies\/wp-json\/wp\/v2\/tags?post=25362"}],"curies":[{"name":"wp","href":"https:\/\/api.w.org\/{rel}","templated":true}]}}