{"id":25436,"date":"2021-01-25T09:23:00","date_gmt":"2021-01-25T08:23:00","guid":{"rendered":"http:\/\/masquefa.cat\/noticies\/?p=25436"},"modified":"2021-01-25T09:24:28","modified_gmt":"2021-01-25T08:24:28","slug":"lajuntament-incorpora-un-estudiant-en-practiques-3","status":"publish","type":"post","link":"https:\/\/masquefa.cat\/noticies\/lajuntament-incorpora-un-estudiant-en-practiques-3\/","title":{"rendered":"L\u2019Ajuntament incorpora un estudiant en pr\u00e0ctiques"},"content":{"rendered":"<p><strong>La incorporaci\u00f3 \u00e9s fruit d\u2019un conveni de col\u00b7laboraci\u00f3 entre l\u2019Institut Mil\u00e0 i Fontanals i l\u2019Ajuntament de Masquefa per a la formaci\u00f3 pr\u00e0ctica d\u2019estudiants.<\/strong><\/p>\n<p>Des <strong>del 8 de gener i fins al 31 de maig de 2021<\/strong> el senyor <strong>Jose Andr\u00e9s Baute Sellanes<\/strong> realitzar\u00e0 <strong>pr\u00e0ctiques formatives al Centre Tecnol\u00f2gic Comunitari (CTC)<\/strong> a trav\u00e9s d\u2019un conveni de col\u00b7laboraci\u00f3 entre l\u2019Institut Mil\u00e0 i Fontanals i l\u2019Ajuntament de Masquefa.<\/p>\n<p>El senyor Jose Andr\u00e9s Baute Sellanes realitzar\u00e0 pr\u00e0ctiques dels seus estudis d\u2019instal\u00b7lacions de telecomunicacions.<\/p>\n","protected":false},"excerpt":{"rendered":"<p>La incorporaci\u00f3 \u00e9s fruit d\u2019un conveni de col\u00b7laboraci\u00f3 entre l\u2019Institut Mil\u00e0 i Fontanals i l\u2019Ajuntament de Masquefa per a la formaci\u00f3 pr\u00e0ctica d\u2019estudiants. Des del 8 de gener i fins al 31 de maig de 2021 el senyor Jose Andr\u00e9s Baute Sellanes realitzar\u00e0 pr\u00e0ctiques formatives al Centre Tecnol\u00f2gic Comunitari (CTC) a trav\u00e9s d\u2019un conveni de&hellip;<\/p>\n","protected":false},"author":7,"featured_media":25439,"comment_status":"closed","ping_status":"open","sticky":false,"template":"","format":"standard","meta":[],"categories":[95],"tags":[],"_links":{"self":[{"href":"https:\/\/masquefa.cat\/noticies\/wp-json\/wp\/v2\/posts\/25436"}],"collection":[{"href":"https:\/\/masquefa.cat\/noticies\/wp-json\/wp\/v2\/posts"}],"about":[{"href":"https:\/\/masquefa.cat\/noticies\/wp-json\/wp\/v2\/types\/post"}],"author":[{"embeddable":true,"href":"https:\/\/masquefa.cat\/noticies\/wp-json\/wp\/v2\/users\/7"}],"replies":[{"embeddable":true,"href":"https:\/\/masquefa.cat\/noticies\/wp-json\/wp\/v2\/comments?post=25436"}],"version-history":[{"count":1,"href":"https:\/\/masquefa.cat\/noticies\/wp-json\/wp\/v2\/posts\/25436\/revisions"}],"predecessor-version":[{"id":25438,"href":"https:\/\/masquefa.cat\/noticies\/wp-json\/wp\/v2\/posts\/25436\/revisions\/25438"}],"wp:featuredmedia":[{"embeddable":true,"href":"https:\/\/masquefa.cat\/noticies\/wp-json\/wp\/v2\/media\/25439"}],"wp:attachment":[{"href":"https:\/\/masquefa.cat\/noticies\/wp-json\/wp\/v2\/media?parent=25436"}],"wp:term":[{"taxonomy":"category","embeddable":true,"href":"https:\/\/masquefa.cat\/noticies\/wp-json\/wp\/v2\/categories?post=25436"},{"taxonomy":"post_tag","embeddable":true,"href":"https:\/\/masquefa.cat\/noticies\/wp-json\/wp\/v2\/tags?post=25436"}],"curies":[{"name":"wp","href":"https:\/\/api.w.org\/{rel}","templated":true}]}}