{"id":25621,"date":"2021-03-10T09:54:38","date_gmt":"2021-03-10T08:54:38","guid":{"rendered":"http:\/\/masquefa.cat\/noticies\/?p=25621"},"modified":"2021-03-10T09:54:38","modified_gmt":"2021-03-10T08:54:38","slug":"masquefa-incorpora-un-nou-agent-a-la-plantilla-de-la-policia-local-2","status":"publish","type":"post","link":"https:\/\/masquefa.cat\/noticies\/masquefa-incorpora-un-nou-agent-a-la-plantilla-de-la-policia-local-2\/","title":{"rendered":"Masquefa incorpora un nou agent a la plantilla de la Policia Local"},"content":{"rendered":"<p><strong>El senyor M.V.E. ocupa el seu lloc de treball des del 8 de mar\u00e7.<\/strong><\/p>\n<p>L\u2019Ajuntament de Masquefa ha incorporat aquest mes de mar\u00e7 un <strong>nou agent inter\u00ed <\/strong>a la plantilla de la Policia Local.<\/p>\n<p>El Sr. <strong>M.V.E. <\/strong>ocupa el seu lloc de treball com a <strong>funcionari inter\u00ed <\/strong>des del 8 de mar\u00e7 de 2021 i fins la incorporaci\u00f3 de l\u2019agent PL919.<\/p>\n<p>&nbsp;<\/p>\n<p><img decoding=\"async\" loading=\"lazy\" class=\" wp-image-25623 aligncenter\" src=\"https:\/\/ajmasquefa-multimedia-wp.s3.eu-central-1.amazonaws.com\/wp-content\/uploads\/sites\/22\/2021\/03\/10095422\/040439e5-540a-4c8e-8964-685254437c90.jpg\" alt=\"\" width=\"600\" height=\"513\" \/><\/p>\n","protected":false},"excerpt":{"rendered":"<p>El senyor M.V.E. ocupa el seu lloc de treball des del 8 de mar\u00e7. L\u2019Ajuntament de Masquefa ha incorporat aquest mes de mar\u00e7 un nou agent inter\u00ed a la plantilla de la Policia Local. El Sr. M.V.E. ocupa el seu lloc de treball com a funcionari inter\u00ed des del 8 de mar\u00e7 de 2021 i&hellip;<\/p>\n","protected":false},"author":7,"featured_media":25622,"comment_status":"closed","ping_status":"open","sticky":false,"template":"","format":"standard","meta":[],"categories":[95],"tags":[],"_links":{"self":[{"href":"https:\/\/masquefa.cat\/noticies\/wp-json\/wp\/v2\/posts\/25621"}],"collection":[{"href":"https:\/\/masquefa.cat\/noticies\/wp-json\/wp\/v2\/posts"}],"about":[{"href":"https:\/\/masquefa.cat\/noticies\/wp-json\/wp\/v2\/types\/post"}],"author":[{"embeddable":true,"href":"https:\/\/masquefa.cat\/noticies\/wp-json\/wp\/v2\/users\/7"}],"replies":[{"embeddable":true,"href":"https:\/\/masquefa.cat\/noticies\/wp-json\/wp\/v2\/comments?post=25621"}],"version-history":[{"count":1,"href":"https:\/\/masquefa.cat\/noticies\/wp-json\/wp\/v2\/posts\/25621\/revisions"}],"predecessor-version":[{"id":25624,"href":"https:\/\/masquefa.cat\/noticies\/wp-json\/wp\/v2\/posts\/25621\/revisions\/25624"}],"wp:featuredmedia":[{"embeddable":true,"href":"https:\/\/masquefa.cat\/noticies\/wp-json\/wp\/v2\/media\/25622"}],"wp:attachment":[{"href":"https:\/\/masquefa.cat\/noticies\/wp-json\/wp\/v2\/media?parent=25621"}],"wp:term":[{"taxonomy":"category","embeddable":true,"href":"https:\/\/masquefa.cat\/noticies\/wp-json\/wp\/v2\/categories?post=25621"},{"taxonomy":"post_tag","embeddable":true,"href":"https:\/\/masquefa.cat\/noticies\/wp-json\/wp\/v2\/tags?post=25621"}],"curies":[{"name":"wp","href":"https:\/\/api.w.org\/{rel}","templated":true}]}}