{"id":25640,"date":"2021-03-12T10:55:25","date_gmt":"2021-03-12T09:55:25","guid":{"rendered":"http:\/\/masquefa.cat\/noticies\/?p=25640"},"modified":"2021-03-15T11:02:39","modified_gmt":"2021-03-15T10:02:39","slug":"sabieu-que-el-ctc-de-masquefa-ofereix-cursos-telematics-de-preparacio-per-a-la-prova-actic","status":"publish","type":"post","link":"https:\/\/masquefa.cat\/noticies\/sabieu-que-el-ctc-de-masquefa-ofereix-cursos-telematics-de-preparacio-per-a-la-prova-actic\/","title":{"rendered":"Sab\u00edeu que el CTC de Masquefa ofereix cursos telem\u00e0tics de preparaci\u00f3 per a la prova ACTIC?"},"content":{"rendered":"<p><strong>El pr\u00f2xim curs de preparaci\u00f3 a la prova ACTIC nivell mitj\u00e0 3 tindr\u00e0 lloc del 3 de maig al 18 de juny, i per a participar-hi cal inscriure\u2019s pr\u00e8viament abans del 27 d\u2019abril al web <a href=\"http:\/\/www.masquefa.cat\" target=\"_blank\" rel=\"noopener noreferrer\">www.masquefa.cat<\/a>.<\/strong><\/p>\n<p>El pr\u00f2xim 24 de mar\u00e7 entrar\u00e0 en vigor un nou <a href=\"https:\/\/portaldogc.gencat.cat\/utilsEADOP\/PDF\/8356\/1839012.pdf\" target=\"_blank\" rel=\"noopener noreferrer\">decret<\/a> aprovat pel Departament de Pol\u00edtiques Digitals i Administraci\u00f3 P\u00fablica de la Generalitat de Catalunya que substitueix el Decret 89\/2009, regulador de l\u2019ACTIC, i que introduir\u00e0 <strong>millores i canvis en el servei d\u2019acreditaci\u00f3 de compet\u00e8ncies en tecnologies de la informaci\u00f3 i comunicaci\u00f3 (ACTIC)<\/strong>.<\/p>\n<p>Aix\u00ed, entre les principals modificacions que s\u2019introdueixen destaquen:<\/p>\n<ul>\n<li>Els <strong>menors de 16 anys<\/strong> tamb\u00e9 podran obtenir un certificat en algun dels nivells de l\u2019ACTIC mentre estiguin cursant l&#8217;educaci\u00f3 obligat\u00f2ria.<\/li>\n<li>Se simplifica i agilitza el<strong> proc\u00e9s d&#8217;autoritzaci\u00f3 de centres col\u00b7laboradors<\/strong>, aix\u00ed com la modificaci\u00f3 de les dades i el cessament de l\u2019activitat.<\/li>\n<li>S\u2019introdueix la\u00a0<strong>revisi\u00f3 d&#8217;examen en modalitat telem\u00e0tica<\/strong>, que es podr\u00e0 fer des d&#8217;un dels centres col\u00b7laboradors.<\/li>\n<li>En un termini previst d\u2019entre un any i un any i mig, s\u2019aprovar\u00e0 una <strong>nova estructura de continguts<\/strong> adaptada al marc europeu de compet\u00e8ncies digitals (DigComp).<\/li>\n<\/ul>\n<p>Aquests canvis i millores tamb\u00e9 afectaran, per tant, als centres col\u00b7laboradors en l\u2019acreditaci\u00f3 d\u2019aquestes compet\u00e8ncies; com \u00e9s el cas del <strong>Centre Tecnol\u00f2gic Comunitari (CTC) de Masquefa<\/strong>, que anualment organitza cursos telem\u00e0tics gratu\u00efts de preparaci\u00f3 per a la prova ACTIC. En aquest sentit, el pr\u00f2xim <strong>curs de preparaci\u00f3 a la prova ACTIC nivell mitj\u00e0 3<\/strong> que es dur\u00e0 a terme al CTC tindr\u00e0 lloc <strong>del 3 de maig al 18 de juny<\/strong> a trav\u00e9s de l\u2019Aula Virtual. Per a participar-hi caldr\u00e0 inscriure\u2019s pr\u00e8viament abans del 27 d\u2019abril al web <a href=\"http:\/\/www.masquefa.cat\" target=\"_blank\" rel=\"noopener noreferrer\">www.masquefa.cat<\/a>.<\/p>\n<p><strong><u>Per a qu\u00e8 serveix l\u2019ACTIC?<\/u><\/strong><\/p>\n<p>L\u2019ACTIC \u00e9s la\u00a0<strong>certificaci\u00f3 acreditativa de la compet\u00e8ncia digital<\/strong>, entesa com la combinaci\u00f3 de coneixements, habilitats i actituds en l\u2019\u00e0mbit de les tecnologies de la informaci\u00f3 i la comunicaci\u00f3 (TIC) que les persones despleguen en situacions reals per assolir objectius determinats amb efic\u00e0cia i efici\u00e8ncia.<\/p>\n<p>L\u2019ACTIC permet a qualsevol persona demostrar les seves compet\u00e8ncies en TIC mitjan\u00e7ant una prova per ordinador que s\u2019avalua autom\u00e0ticament. La prova \u00e9s telem\u00e0tica, encara que s\u2019ha de fer en un centre col\u00b7laborador reconegut per la Generalitat, el qual garanteix que es fa en les condicions adequades. Hi ha m\u00e9s de 350 centres distribu\u00efts per tot Catalunya, amb molta diversitat d\u2019horaris d\u2019avaluaci\u00f3. La sol\u00b7licitud d\u2019acreditaci\u00f3 i l\u2019obtenci\u00f3 del certificat tamb\u00e9 s\u00f3n telem\u00e0tics. No cal esperar cap convocat\u00f2ria per presentar la sol\u00b7licitud.<\/p>\n<p>Les persones que superen satisfact\u00f2riament la prova obtenen un certificat (b\u00e0sic, mitj\u00e0 o avan\u00e7at) que emet la Generalitat, i que els possibilita acreditar un determinat nivell (1, 2 o 3, respectivament) de compet\u00e8ncies en TIC davant de qualsevol empresa o administraci\u00f3. Aquests certificats s\u00f3n, doncs, una eina que pot<strong>\u00a0facilitar l\u2019obtenci\u00f3 d\u2019una feina, la promoci\u00f3 professional, l\u2019acc\u00e9s a eines d\u2019aprenentatge o l\u2019obtenci\u00f3 d\u2019una certificaci\u00f3 professional.<\/strong><\/p>\n<p>Per a m\u00e9s informaci\u00f3 sobre compet\u00e8ncies, procediments, proves d\u2019avaluaci\u00f3 i materials de difusi\u00f3, la Generalitat de Catalunya facilita\u00a0<a href=\"https:\/\/actic.gencat.cat\/ca\/actic_informacio\/\" target=\"_blank\" rel=\"noopener noreferrer\"><strong>aquest espai web<\/strong><\/a>.<\/p>\n","protected":false},"excerpt":{"rendered":"<p>El pr\u00f2xim curs de preparaci\u00f3 a la prova ACTIC nivell mitj\u00e0 3 tindr\u00e0 lloc del 3 de maig al 18 de juny, i per a participar-hi cal inscriure\u2019s pr\u00e8viament abans del 27 d\u2019abril al web www.masquefa.cat. El pr\u00f2xim 24 de mar\u00e7 entrar\u00e0 en vigor un nou decret aprovat pel Departament de Pol\u00edtiques Digitals i Administraci\u00f3&hellip;<\/p>\n","protected":false},"author":7,"featured_media":25641,"comment_status":"closed","ping_status":"open","sticky":false,"template":"","format":"standard","meta":[],"categories":[96,93,1,55],"tags":[],"_links":{"self":[{"href":"https:\/\/masquefa.cat\/noticies\/wp-json\/wp\/v2\/posts\/25640"}],"collection":[{"href":"https:\/\/masquefa.cat\/noticies\/wp-json\/wp\/v2\/posts"}],"about":[{"href":"https:\/\/masquefa.cat\/noticies\/wp-json\/wp\/v2\/types\/post"}],"author":[{"embeddable":true,"href":"https:\/\/masquefa.cat\/noticies\/wp-json\/wp\/v2\/users\/7"}],"replies":[{"embeddable":true,"href":"https:\/\/masquefa.cat\/noticies\/wp-json\/wp\/v2\/comments?post=25640"}],"version-history":[{"count":3,"href":"https:\/\/masquefa.cat\/noticies\/wp-json\/wp\/v2\/posts\/25640\/revisions"}],"predecessor-version":[{"id":25646,"href":"https:\/\/masquefa.cat\/noticies\/wp-json\/wp\/v2\/posts\/25640\/revisions\/25646"}],"wp:featuredmedia":[{"embeddable":true,"href":"https:\/\/masquefa.cat\/noticies\/wp-json\/wp\/v2\/media\/25641"}],"wp:attachment":[{"href":"https:\/\/masquefa.cat\/noticies\/wp-json\/wp\/v2\/media?parent=25640"}],"wp:term":[{"taxonomy":"category","embeddable":true,"href":"https:\/\/masquefa.cat\/noticies\/wp-json\/wp\/v2\/categories?post=25640"},{"taxonomy":"post_tag","embeddable":true,"href":"https:\/\/masquefa.cat\/noticies\/wp-json\/wp\/v2\/tags?post=25640"}],"curies":[{"name":"wp","href":"https:\/\/api.w.org\/{rel}","templated":true}]}}