{"id":25669,"date":"2021-03-22T11:07:01","date_gmt":"2021-03-22T10:07:01","guid":{"rendered":"http:\/\/masquefa.cat\/noticies\/?p=25669"},"modified":"2021-03-22T11:07:02","modified_gmt":"2021-03-22T10:07:02","slug":"exalumnes-i-professionals-laborals-expliquen-les-seves-experiencies-als-estudiants-de-4t-deso-de-linstitut-de-masquefa","status":"publish","type":"post","link":"https:\/\/masquefa.cat\/noticies\/exalumnes-i-professionals-laborals-expliquen-les-seves-experiencies-als-estudiants-de-4t-deso-de-linstitut-de-masquefa\/","title":{"rendered":"Exalumnes i professionals laborals expliquen les seves experi\u00e8ncies als estudiants de 4t d\u2019ESO de l\u2019Institut de Masquefa"},"content":{"rendered":"<p><strong>L\u2019activitat s\u2019emmarcava en el programa d\u2019accions del projecte \u201cOrienta\u2019t pel teu futur\u201d.<\/strong><\/p>\n<p>El passat divendres 19 de mar\u00e7 diferents exalumnes del centre i professionals de diferents \u00e0mbits -un total de 17 persones- es van despla\u00e7ar fins a l\u2019<strong>Institut de Masquefa <\/strong>per a compartir amb els alumnes de 4t d\u2019ESO una sessi\u00f3 de treball en el marc del projecte <strong><a href=\"https:\/\/masquefa.cat\/noticies\/fira-futur-es-reformula-i-enguany-se-celebrara-en-format-integrament-telematic\/\" target=\"_blank\" rel=\"noopener noreferrer\">\u201cOrienta\u2019t pel teu futur\u201d<\/a><\/strong>.<\/p>\n<p>Durant la jornada aquests exalumnes i professionals es van dividir en diferents grups -en funci\u00f3 dels interessos dels estudiants- per a traslladar als joves diferents q\u00fcestions com les seves experi\u00e8ncies acad\u00e8miques i laborals respecte l\u2019itinerari formatiu que van seguir, la presa de decisions, les tasques de les diferents professions o les expectatives respecte el m\u00f3n laboral i el projecte professional&#8230;<\/p>\n<p>Aquesta proposta ha estat possible gr\u00e0cies al treball conjunt entre l&#8217;Institut de Masquefa i l&#8217;Ajuntament, i des del consistori es vol agrair a tots els participants la seva col\u00b7laboraci\u00f3 amb els alumnes de 4t d\u2019ESO per a fer extensives les seves experi\u00e8ncies.<\/p>\n<p><strong><u>Fira Futur es reformula i enguany se celebra en format \u00edntegrament telem\u00e0tic<\/u><\/strong><\/p>\n<p>Sota el nom d\u2019<strong>\u201dOrienta\u2019t pel teu futur\u201d<\/strong>, la nova versi\u00f3 telem\u00e0tica de Fira Futur mant\u00e9 el mateix objectiu i prop\u00f2sits de sempre: oferir als joves, a les seves fam\u00edlies i a les persones que volen seguir formant-se, els recursos necessaris per tal d\u2019orientar millor el seu futur acad\u00e8mic i\/o professional.<\/p>\n<p>Aix\u00ed,\u00a0des del\u00a012 de mar\u00e7<strong>\u00a0<\/strong>es poden consultar a trav\u00e9s del\u00a0<a href=\"http:\/\/www.amasquefa.com\/html2\/public\/entitats?id=198&amp;showContent=SECCIONS&amp;content=24107\" target=\"_blank\" rel=\"noopener noreferrer\"><strong>web de la Xarxa TET Anoia Sud<\/strong><\/a>\u00a0els seg\u00fcents recursos:<\/p>\n<ul>\n<li>Oferta formativa postobligat\u00f2ria i d\u2019orientaci\u00f3 del territori m\u00e9s proper a trav\u00e9s de la\u00a0<a href=\"https:\/\/ajmasquefa-multimedia-wp.s3.eu-central-1.amazonaws.com\/wp-content\/uploads\/sites\/22\/2021\/03\/18085215\/GUIA-DE-RECURSOS-EDUCATIUS-20211.pdf\" target=\"_blank\" rel=\"noopener noreferrer\"><strong>Guia de recursos formatius 2021<\/strong><\/a>, que s\u2019adre\u00e7a principalment a joves que han acreditat l\u2019ESO i a joves que no ho han fet l\u2019educaci\u00f3 secund\u00e0ria obligat\u00f2ria i han de decidir l\u2019itinerari a seguir a partir d\u2019ara.<\/li>\n<li><strong>Experi\u00e8ncies<\/strong>: es podran consultar v\u00eddeos de professionals i estudiants de diferents branques professionals que expliquen la seva experi\u00e8ncia entorn a la tria dels estudis, les assignatures, les pr\u00e0ctiques, i la feina que desenvolupen. Despr\u00e9s de Setmana Santa moltes d\u2019aquestes experi\u00e8ncies es podran trobar en format de v\u00eddeo al\u00a0web de la Xarxa TET Anoia Sud.<\/li>\n<li><strong>Xerrades d\u2019orientaci\u00f3<\/strong>adre\u00e7ades a alumnes d\u2019ESO, de PFI, fam\u00edlies i professionals de l\u2019orientaci\u00f3 dels serveis municipals i dels centres educatius.<\/li>\n<li><strong>Informaci\u00f3 espec\u00edfica de centres educatius i de formaci\u00f3<\/strong>de l\u2019entorn proper, amb l\u2019oferta prevista pel curs 2021-2022.<\/li>\n<\/ul>\n<p><a href=\"https:\/\/ajmasquefa-multimedia-wp.s3.eu-central-1.amazonaws.com\/wp-content\/uploads\/sites\/22\/2021\/03\/15100648\/PROGRAMA-ORIENTAT-PEL-TEU-FUTUR-20211.pdf\" target=\"_blank\" rel=\"noopener noreferrer\"><strong><em>A trav\u00e9s del seg\u00fcent enlla\u00e7 podeu consultar el programa \u201cOrienta\u2019t pel teu futur 2021\u201d.<\/em><\/strong><\/a><\/p>\n","protected":false},"excerpt":{"rendered":"<p>L\u2019activitat s\u2019emmarcava en el programa d\u2019accions del projecte \u201cOrienta\u2019t pel teu futur\u201d. El passat divendres 19 de mar\u00e7 diferents exalumnes del centre i professionals de diferents \u00e0mbits -un total de 17 persones- es van despla\u00e7ar fins a l\u2019Institut de Masquefa per a compartir amb els alumnes de 4t d\u2019ESO una sessi\u00f3 de treball en el&hellip;<\/p>\n","protected":false},"author":7,"featured_media":25670,"comment_status":"closed","ping_status":"open","sticky":false,"template":"","format":"standard","meta":[],"categories":[96,62,1],"tags":[],"_links":{"self":[{"href":"https:\/\/masquefa.cat\/noticies\/wp-json\/wp\/v2\/posts\/25669"}],"collection":[{"href":"https:\/\/masquefa.cat\/noticies\/wp-json\/wp\/v2\/posts"}],"about":[{"href":"https:\/\/masquefa.cat\/noticies\/wp-json\/wp\/v2\/types\/post"}],"author":[{"embeddable":true,"href":"https:\/\/masquefa.cat\/noticies\/wp-json\/wp\/v2\/users\/7"}],"replies":[{"embeddable":true,"href":"https:\/\/masquefa.cat\/noticies\/wp-json\/wp\/v2\/comments?post=25669"}],"version-history":[{"count":1,"href":"https:\/\/masquefa.cat\/noticies\/wp-json\/wp\/v2\/posts\/25669\/revisions"}],"predecessor-version":[{"id":25671,"href":"https:\/\/masquefa.cat\/noticies\/wp-json\/wp\/v2\/posts\/25669\/revisions\/25671"}],"wp:featuredmedia":[{"embeddable":true,"href":"https:\/\/masquefa.cat\/noticies\/wp-json\/wp\/v2\/media\/25670"}],"wp:attachment":[{"href":"https:\/\/masquefa.cat\/noticies\/wp-json\/wp\/v2\/media?parent=25669"}],"wp:term":[{"taxonomy":"category","embeddable":true,"href":"https:\/\/masquefa.cat\/noticies\/wp-json\/wp\/v2\/categories?post=25669"},{"taxonomy":"post_tag","embeddable":true,"href":"https:\/\/masquefa.cat\/noticies\/wp-json\/wp\/v2\/tags?post=25669"}],"curies":[{"name":"wp","href":"https:\/\/api.w.org\/{rel}","templated":true}]}}