{"id":25785,"date":"2021-04-22T14:06:36","date_gmt":"2021-04-22T12:06:36","guid":{"rendered":"http:\/\/masquefa.cat\/noticies\/?p=25785"},"modified":"2021-04-22T14:06:36","modified_gmt":"2021-04-22T12:06:36","slug":"dimarts-27-dabril-es-duran-a-terme-talls-en-el-subministrament-electric","status":"publish","type":"post","link":"https:\/\/masquefa.cat\/noticies\/dimarts-27-dabril-es-duran-a-terme-talls-en-el-subministrament-electric\/","title":{"rendered":"Dimarts 27 d\u2019abril es duran a terme talls en el subministrament el\u00e8ctric"},"content":{"rendered":"<p><strong>L\u2019empresa Edistribuci\u00f3n efectuar\u00e0 treballs de manteniment de la xarxa el\u00e8ctrica que provocaran un tall en el servei.<\/strong><\/p>\n<p>L\u2019empresa \u00a0Edistribuci\u00f3n ha comunicat a l\u2019Ajuntament de Masquefa que dimarts\u00a0<strong>27 d\u2019abril <\/strong>realitzar\u00e0 un seguit de tasques de manteniment i millora de la xarxa el\u00e8ctrica que ocasionaran una<strong>\u00a0interrupci\u00f3 temporal del subministrament<\/strong> en diferents punts del municipi, <strong>de 16.05 a 18 h<\/strong>.<\/p>\n<p>Consulteu les zones afectades\u00a0<a href=\"https:\/\/ajmasquefa-multimedia-wp.s3.eu-central-1.amazonaws.com\/wp-content\/uploads\/sites\/22\/2021\/04\/22140556\/13831955-Cartelleria_Avis-20210422-1003.pdf\" target=\"_blank\" rel=\"noopener noreferrer\">en aquest enlla\u00e7<\/a>.<\/p>\n","protected":false},"excerpt":{"rendered":"<p>L\u2019empresa Edistribuci\u00f3n efectuar\u00e0 treballs de manteniment de la xarxa el\u00e8ctrica que provocaran un tall en el servei. L\u2019empresa \u00a0Edistribuci\u00f3n ha comunicat a l\u2019Ajuntament de Masquefa que dimarts\u00a027 d\u2019abril realitzar\u00e0 un seguit de tasques de manteniment i millora de la xarxa el\u00e8ctrica que ocasionaran una\u00a0interrupci\u00f3 temporal del subministrament en diferents punts del municipi, de 16.05 a&hellip;<\/p>\n","protected":false},"author":7,"featured_media":0,"comment_status":"closed","ping_status":"open","sticky":false,"template":"","format":"standard","meta":[],"categories":[1],"tags":[],"_links":{"self":[{"href":"https:\/\/masquefa.cat\/noticies\/wp-json\/wp\/v2\/posts\/25785"}],"collection":[{"href":"https:\/\/masquefa.cat\/noticies\/wp-json\/wp\/v2\/posts"}],"about":[{"href":"https:\/\/masquefa.cat\/noticies\/wp-json\/wp\/v2\/types\/post"}],"author":[{"embeddable":true,"href":"https:\/\/masquefa.cat\/noticies\/wp-json\/wp\/v2\/users\/7"}],"replies":[{"embeddable":true,"href":"https:\/\/masquefa.cat\/noticies\/wp-json\/wp\/v2\/comments?post=25785"}],"version-history":[{"count":1,"href":"https:\/\/masquefa.cat\/noticies\/wp-json\/wp\/v2\/posts\/25785\/revisions"}],"predecessor-version":[{"id":25787,"href":"https:\/\/masquefa.cat\/noticies\/wp-json\/wp\/v2\/posts\/25785\/revisions\/25787"}],"wp:attachment":[{"href":"https:\/\/masquefa.cat\/noticies\/wp-json\/wp\/v2\/media?parent=25785"}],"wp:term":[{"taxonomy":"category","embeddable":true,"href":"https:\/\/masquefa.cat\/noticies\/wp-json\/wp\/v2\/categories?post=25785"},{"taxonomy":"post_tag","embeddable":true,"href":"https:\/\/masquefa.cat\/noticies\/wp-json\/wp\/v2\/tags?post=25785"}],"curies":[{"name":"wp","href":"https:\/\/api.w.org\/{rel}","templated":true}]}}