{"id":25807,"date":"2021-04-29T07:00:40","date_gmt":"2021-04-29T05:00:40","guid":{"rendered":"http:\/\/masquefa.cat\/noticies\/?p=25807"},"modified":"2021-04-29T14:32:51","modified_gmt":"2021-04-29T12:32:51","slug":"obre-la-convocatoria-dajuts-al-pagament-del-lloguer-per-aquest-any-2021","status":"publish","type":"post","link":"https:\/\/masquefa.cat\/noticies\/obre-la-convocatoria-dajuts-al-pagament-del-lloguer-per-aquest-any-2021\/","title":{"rendered":"Obre la convocat\u00f2ria d&#8217;ajuts al pagament del lloguer per aquest any 2021"},"content":{"rendered":"<p><strong>La Regidoria d\u2019Habitatge de l\u2019Ajuntament ofereix els dimarts, de 10 a 12 h, un servei d\u2019assessorament a tots els ve\u00efns que vulguin sol\u00b7licitar aquestes subvencions. Per a fer-ne \u00fas cal sol\u00b7licitar cita pr\u00e8via a l\u2019Oficina d\u2019Atenci\u00f3 al Vilat\u00e0 (93 772 50 30 o a trav\u00e9s del seg\u00fcent <a href=\"https:\/\/citaprevia.ubintia.com\/masquefa\/#nbb\" target=\"_blank\" rel=\"noopener noreferrer\">enlla\u00e7<\/a>).<\/strong><\/p>\n<p>Fins al <strong>4 de juny<\/strong> ja es poden presentar les sol\u00b7licituds per a la convocat\u00f2ria d\u2019<strong>ajuts al pagament del lloguer <\/strong>impulsada per la Generalitat de Catalunya i el Ministerio de Transportes, Movilidad i Agenda Urbana. L&#8217;objectiu d\u2019aquests ajuts \u00e9s facilitar l&#8217;acc\u00e9s i la perman\u00e8ncia en un habitatge de lloguer a sectors de poblaci\u00f3 en risc d&#8217;exclusi\u00f3 social.<\/p>\n<p>La subvenci\u00f3 pot ser entre el \u00a0<strong>20%<\/strong> i el <strong>40% <\/strong>de l\u2019import de la renda de lloguer anual amb un m\u00e0xim de <strong>200 \u20ac mensuals<\/strong>. Per determinar-ne la quantia es tindr\u00e0 en compte l&#8217;import del rebut de lloguer corresponent al mes anterior a la presentaci\u00f3 de la sol\u00b7licitud, els ingressos de tota la unitat familiar i les condicions especials de la mateixa. Pel que fa als requisits sobre el preu del lloguer, el l\u00edmit per als habitatges de la demarcaci\u00f3 de Barcelona \u00e9s de 800\u20ac mensuals.<\/p>\n<p>Tota la informaci\u00f3 sobre aquesta l\u00ednia de subvencions, la documentaci\u00f3 necess\u00e0ria i els requisits es pot consultar a trav\u00e9s del seg\u00fcent <a href=\"https:\/\/web.gencat.cat\/ca\/tramits\/tramits-temes\/20246_Subvencions-per-al-pagament-del-lloguer?category=74aba454-a82c-11e3-a972-000c29052e2c&amp;moda=1\" target=\"_blank\" rel=\"noopener noreferrer\"><strong>enlla\u00e7<\/strong><\/a>.<\/p>\n<p><strong><u>Com puc fer la sol\u00b7licitud?<\/u><\/strong><\/p>\n<p>Els ajuts al pagament del lloguer es poden demanar de forma <strong>presencial<\/strong> al Consell Comarcal de l\u2019Anoia, sol\u00b7licitant cita pr\u00e8via al tel\u00e8fon 93 805 15 85.<\/p>\n<p>A m\u00e9s, el tr\u00e0mit tamb\u00e9 es pot fer per via <strong>telem\u00e0tica<\/strong> amb idCAT m\u00f2bil a trav\u00e9s del seg\u00fcent <a href=\"https:\/\/web.gencat.cat\/ca\/tramits\/tramits-temes\/20246_Subvencions-per-al-pagament-del-lloguer?category=74aba454-a82c-11e3-a972-000c29052e2c&amp;moda=1\" target=\"_blank\" rel=\"noopener noreferrer\">enlla\u00e7<\/a>.<\/p>\n","protected":false},"excerpt":{"rendered":"<p>La Regidoria d\u2019Habitatge de l\u2019Ajuntament ofereix els dimarts, de 10 a 12 h, un servei d\u2019assessorament a tots els ve\u00efns que vulguin sol\u00b7licitar aquestes subvencions. Per a fer-ne \u00fas cal sol\u00b7licitar cita pr\u00e8via a l\u2019Oficina d\u2019Atenci\u00f3 al Vilat\u00e0 (93 772 50 30 o a trav\u00e9s del seg\u00fcent enlla\u00e7). Fins al 4 de juny ja es&hellip;<\/p>\n","protected":false},"author":7,"featured_media":25808,"comment_status":"closed","ping_status":"open","sticky":false,"template":"","format":"standard","meta":[],"categories":[96,1,101],"tags":[],"_links":{"self":[{"href":"https:\/\/masquefa.cat\/noticies\/wp-json\/wp\/v2\/posts\/25807"}],"collection":[{"href":"https:\/\/masquefa.cat\/noticies\/wp-json\/wp\/v2\/posts"}],"about":[{"href":"https:\/\/masquefa.cat\/noticies\/wp-json\/wp\/v2\/types\/post"}],"author":[{"embeddable":true,"href":"https:\/\/masquefa.cat\/noticies\/wp-json\/wp\/v2\/users\/7"}],"replies":[{"embeddable":true,"href":"https:\/\/masquefa.cat\/noticies\/wp-json\/wp\/v2\/comments?post=25807"}],"version-history":[{"count":3,"href":"https:\/\/masquefa.cat\/noticies\/wp-json\/wp\/v2\/posts\/25807\/revisions"}],"predecessor-version":[{"id":25811,"href":"https:\/\/masquefa.cat\/noticies\/wp-json\/wp\/v2\/posts\/25807\/revisions\/25811"}],"wp:featuredmedia":[{"embeddable":true,"href":"https:\/\/masquefa.cat\/noticies\/wp-json\/wp\/v2\/media\/25808"}],"wp:attachment":[{"href":"https:\/\/masquefa.cat\/noticies\/wp-json\/wp\/v2\/media?parent=25807"}],"wp:term":[{"taxonomy":"category","embeddable":true,"href":"https:\/\/masquefa.cat\/noticies\/wp-json\/wp\/v2\/categories?post=25807"},{"taxonomy":"post_tag","embeddable":true,"href":"https:\/\/masquefa.cat\/noticies\/wp-json\/wp\/v2\/tags?post=25807"}],"curies":[{"name":"wp","href":"https:\/\/api.w.org\/{rel}","templated":true}]}}