{"id":25818,"date":"2021-05-04T10:58:18","date_gmt":"2021-05-04T08:58:18","guid":{"rendered":"http:\/\/masquefa.cat\/noticies\/?p=25818"},"modified":"2021-05-04T10:58:18","modified_gmt":"2021-05-04T08:58:18","slug":"lajuntament-de-masquefa-sadhereix-a-la-commemoracio-del-dia-deuropa","status":"publish","type":"post","link":"https:\/\/masquefa.cat\/noticies\/lajuntament-de-masquefa-sadhereix-a-la-commemoracio-del-dia-deuropa\/","title":{"rendered":"L\u2019Ajuntament de Masquefa s\u2019adhereix a la commemoraci\u00f3 del Dia d\u2019Europa"},"content":{"rendered":"<p><strong>La p\u00e8rgola del CTC s&#8217;il\u00b7luminar\u00e0 del 7 al 9 de maig i durant tot el mes hi haur\u00e0 diferents activitats a la Biblioteca, el Casal Jove i el CTC.<\/strong><\/p>\n<p>L\u2019Ajuntament de Masquefa s\u2019adhereix aquest mes de maig als actes commemoratius del <strong>Dia d\u2019Europa<\/strong> que se celebra aquest diumenge, 9 de maig. I ho fa de la m\u00e0 de la Regidoria de Visi\u00f3 d\u2019Europa amb un programa d\u2019activitats l\u00fadiques i pedag\u00f2giques obertes a tots els ve\u00efns.<\/p>\n<p>Aix\u00ed, del 7 al 9 de maig <strong>la p\u00e8rgola del CTC s\u2019il\u00b7luminar\u00e0 <\/strong>per a donar visibilitat al Dia d\u2019Europa; i el diumenge dia 9, a les 12 del migdia, la pla\u00e7a del Centre Tecnol\u00f2gic Comunitari acollir\u00e0 un <strong>concert en directe a c\u00e0rrec d\u2019Ibeth Music.<\/strong><\/p>\n<p>Dijous 13 de maig els masquefins estan cridats a participar de la <strong>confer\u00e8ncia \u201cPer qu\u00e8 Masquefa ha de ser un municipi actiu en el marc de la UE?\u201d<\/strong>, que tindr\u00e0 lloc a la Biblioteca a les 19 h. I el programa d\u2019activitats del Dia d\u2019Europa clour\u00e0 el 21 de maig a les 18.30 amb la <strong>sessi\u00f3 \u201cOportunitats per estudiar i formar-te a la UE\u201d<\/strong> al Casal de Joves.<\/p>\n<p>Algunes de les activitats s\u00f3n amb aforament limitat i en tot moment caldr\u00e0 complir les mesures de seguretat i restriccions vigents per a evitar el contagi i la propagaci\u00f3 de la Covid-19. Finalment, el consistori convida els ve\u00efns a compartir la jornada a les xarxes socials amb l\u2019etiqueta <strong>#EuropeDayMasquefa<\/strong>.<\/p>\n<p>&nbsp;<\/p>\n<p><img decoding=\"async\" loading=\"lazy\" class=\" wp-image-25820 aligncenter\" src=\"https:\/\/ajmasquefa-multimedia-wp.s3.eu-central-1.amazonaws.com\/wp-content\/uploads\/sites\/22\/2021\/05\/04105801\/Cartell-2-Dia-dEuropa-2021.jpg\" alt=\"\" width=\"600\" height=\"848\" \/><\/p>\n<p><strong><u>Qu\u00e8 \u00e9s el Dia d\u2019Europa?<\/u><\/strong><\/p>\n<p>El Dia d\u2019Europa se celebra el 9 de maig. La data coincideix amb l\u2019aniversari de la celebraci\u00f3 de la Declaraci\u00f3 de Schuman. El 9 de maig de 1950 el ministre franc\u00e8s Robert Schuman va pronunciar un discurs on proposava una nova forma de cooperaci\u00f3 pol\u00edtica per a un projecte que promogu\u00e9s la pau i la prosperitat entre les nacions europees i evitar futures guerres. Aquesta proposta va donar lloc, un any m\u00e9s tard, a la creaci\u00f3 de la Comunitat Europea del Carb\u00f3 i l\u2019Acer, considerada el precedent de la Uni\u00f3 Europea que sorgeix amb els Tractats de Roma de 1957.<\/p>\n<p>&nbsp;<\/p>\n","protected":false},"excerpt":{"rendered":"<p>La p\u00e8rgola del CTC s&#8217;il\u00b7luminar\u00e0 del 7 al 9 de maig i durant tot el mes hi haur\u00e0 diferents activitats a la Biblioteca, el Casal Jove i el CTC. L\u2019Ajuntament de Masquefa s\u2019adhereix aquest mes de maig als actes commemoratius del Dia d\u2019Europa que se celebra aquest diumenge, 9 de maig. I ho fa de&hellip;<\/p>\n","protected":false},"author":7,"featured_media":25819,"comment_status":"closed","ping_status":"open","sticky":false,"template":"","format":"standard","meta":[],"categories":[96,1,102],"tags":[],"_links":{"self":[{"href":"https:\/\/masquefa.cat\/noticies\/wp-json\/wp\/v2\/posts\/25818"}],"collection":[{"href":"https:\/\/masquefa.cat\/noticies\/wp-json\/wp\/v2\/posts"}],"about":[{"href":"https:\/\/masquefa.cat\/noticies\/wp-json\/wp\/v2\/types\/post"}],"author":[{"embeddable":true,"href":"https:\/\/masquefa.cat\/noticies\/wp-json\/wp\/v2\/users\/7"}],"replies":[{"embeddable":true,"href":"https:\/\/masquefa.cat\/noticies\/wp-json\/wp\/v2\/comments?post=25818"}],"version-history":[{"count":1,"href":"https:\/\/masquefa.cat\/noticies\/wp-json\/wp\/v2\/posts\/25818\/revisions"}],"predecessor-version":[{"id":25821,"href":"https:\/\/masquefa.cat\/noticies\/wp-json\/wp\/v2\/posts\/25818\/revisions\/25821"}],"wp:featuredmedia":[{"embeddable":true,"href":"https:\/\/masquefa.cat\/noticies\/wp-json\/wp\/v2\/media\/25819"}],"wp:attachment":[{"href":"https:\/\/masquefa.cat\/noticies\/wp-json\/wp\/v2\/media?parent=25818"}],"wp:term":[{"taxonomy":"category","embeddable":true,"href":"https:\/\/masquefa.cat\/noticies\/wp-json\/wp\/v2\/categories?post=25818"},{"taxonomy":"post_tag","embeddable":true,"href":"https:\/\/masquefa.cat\/noticies\/wp-json\/wp\/v2\/tags?post=25818"}],"curies":[{"name":"wp","href":"https:\/\/api.w.org\/{rel}","templated":true}]}}