{"id":25985,"date":"2021-06-08T09:05:58","date_gmt":"2021-06-08T07:05:58","guid":{"rendered":"http:\/\/masquefa.cat\/noticies\/?p=25985"},"modified":"2021-06-08T09:05:58","modified_gmt":"2021-06-08T07:05:58","slug":"lajuntament-reclamara-a-telefonica-que-garanteixi-un-estat-optim-de-la-xarxa-de-telefonia-a-les-urbanitzacions","status":"publish","type":"post","link":"https:\/\/masquefa.cat\/noticies\/lajuntament-reclamara-a-telefonica-que-garanteixi-un-estat-optim-de-la-xarxa-de-telefonia-a-les-urbanitzacions\/","title":{"rendered":"L\u2019Ajuntament reclamar\u00e0 a Telef\u00f3nica que garanteixi un estat \u00f2ptim de la xarxa de telefonia a les urbanitzacions"},"content":{"rendered":"<p><strong>El consistori es reserva el dret a emprendre aquelles accions que estimi oportunes si l\u2019empresa no duu a terme un manteniment correcte de la xarxa a la via p\u00fablica.<\/strong><\/p>\n<p>L\u2019Ajuntament de Masquefa exigir\u00e0 a Telef\u00f3nica explicacions per l\u2019<strong>estat precari <\/strong>que presenten algunes de les instal\u00b7lacions de la <strong>xarxa de telefonia<\/strong> en diferents punts de la via p\u00fablica de les urbanitzacions del municipi.<\/p>\n<p>En aquest sentit, el consistori exigir\u00e0 a l\u2019empresa de telecomunicacions que dugui a terme un <strong>manteniment i arranjament \u00f2ptim<\/strong> d\u2019aquestes infraestructures per motius de seguretat i salubritat; despr\u00e9s que alguns ve\u00efns ja hagin alertat i denunciat a l\u2019Ajuntament l\u2019estat precari que presenten alguns pals el\u00e8ctrics i sistemes de cablejat.<\/p>\n<p>Per tot plegat, si Telef\u00f3nica no at\u00e9n les demandes de l\u2019Ajuntament, el consistori es reserva el dret d\u2019emprendre aquelles accions administratives que estimi oportunes per a garantir la prestaci\u00f3 d\u2019un servei \u00f2ptim i segur a les urbanitzacions del municipi.<\/p>\n","protected":false},"excerpt":{"rendered":"<p>El consistori es reserva el dret a emprendre aquelles accions que estimi oportunes si l\u2019empresa no duu a terme un manteniment correcte de la xarxa a la via p\u00fablica. L\u2019Ajuntament de Masquefa exigir\u00e0 a Telef\u00f3nica explicacions per l\u2019estat precari que presenten algunes de les instal\u00b7lacions de la xarxa de telefonia en diferents punts de la&hellip;<\/p>\n","protected":false},"author":7,"featured_media":25986,"comment_status":"closed","ping_status":"open","sticky":false,"template":"","format":"standard","meta":[],"categories":[96,1,73],"tags":[],"_links":{"self":[{"href":"https:\/\/masquefa.cat\/noticies\/wp-json\/wp\/v2\/posts\/25985"}],"collection":[{"href":"https:\/\/masquefa.cat\/noticies\/wp-json\/wp\/v2\/posts"}],"about":[{"href":"https:\/\/masquefa.cat\/noticies\/wp-json\/wp\/v2\/types\/post"}],"author":[{"embeddable":true,"href":"https:\/\/masquefa.cat\/noticies\/wp-json\/wp\/v2\/users\/7"}],"replies":[{"embeddable":true,"href":"https:\/\/masquefa.cat\/noticies\/wp-json\/wp\/v2\/comments?post=25985"}],"version-history":[{"count":1,"href":"https:\/\/masquefa.cat\/noticies\/wp-json\/wp\/v2\/posts\/25985\/revisions"}],"predecessor-version":[{"id":25987,"href":"https:\/\/masquefa.cat\/noticies\/wp-json\/wp\/v2\/posts\/25985\/revisions\/25987"}],"wp:featuredmedia":[{"embeddable":true,"href":"https:\/\/masquefa.cat\/noticies\/wp-json\/wp\/v2\/media\/25986"}],"wp:attachment":[{"href":"https:\/\/masquefa.cat\/noticies\/wp-json\/wp\/v2\/media?parent=25985"}],"wp:term":[{"taxonomy":"category","embeddable":true,"href":"https:\/\/masquefa.cat\/noticies\/wp-json\/wp\/v2\/categories?post=25985"},{"taxonomy":"post_tag","embeddable":true,"href":"https:\/\/masquefa.cat\/noticies\/wp-json\/wp\/v2\/tags?post=25985"}],"curies":[{"name":"wp","href":"https:\/\/api.w.org\/{rel}","templated":true}]}}