{"id":26125,"date":"2021-07-13T09:49:51","date_gmt":"2021-07-13T07:49:51","guid":{"rendered":"http:\/\/masquefa.cat\/noticies\/?p=26125"},"modified":"2021-07-13T15:10:54","modified_gmt":"2021-07-13T13:10:54","slug":"masquefa-se-suma-a-la-iniciativa-comarcal-sumem-grans-quilometres","status":"publish","type":"post","link":"https:\/\/masquefa.cat\/noticies\/masquefa-se-suma-a-la-iniciativa-comarcal-sumem-grans-quilometres\/","title":{"rendered":"Masquefa se suma a la iniciativa comarcal \u201cSumem GRANS quil\u00f2metres\u201d"},"content":{"rendered":"<p><strong>Fins el dia 27 de setembre es podran anar anotant els quil\u00f2metres realitzats i registrar-los al formulari que trobareu\u00a0<a href=\"https:\/\/docs.google.com\/forms\/d\/e\/1FAIpQLScrUtr1f9Q-YJ2SY5lfze2iZcZJUANEUXqAecxOvm9TAFNMXg\/viewform\">aqu\u00ed<\/a>.\u00a0<\/strong><\/p>\n<p>Des del\u00a0Consell de la Gent Gran de l&#8217;Anoia<strong>\u00a0<\/strong>s&#8217;est\u00e0 organitzant -amb la col\u00b7laboraci\u00f3 de l\u2019Ajuntament de Masquefa- una proposta d&#8217;agenda d&#8217;activitats per a les persones de la comarca per commemorar el\u00a0pr\u00f2xim 1 d&#8217;octubre el <strong>Dia Internacional de la Gent Gran<\/strong>. Donat que fa m\u00e9s de 10 anys que es realitza a l\u2019Anoia alguna activitat que promogui un envelliment actiu i saludable, des del Consell de la Gent Gran es proposa per enguany l\u2019acci\u00f3 <strong>&#8220;Sumem GRANS quil\u00f2metres&#8221;<\/strong>.<\/p>\n<p>A trav\u00e9s d\u2019aquest projecte es vol promoure que les persones, independentment de l&#8217;edat, puguin sumar-se a la iniciativa de caminar\/despla\u00e7ar-se a fi d&#8217;acumular quil\u00f2metres, anotar-se&#8217;ls i registrar-los perqu\u00e8, amb la suma de tots, es pugui l\u2019objectiu: <strong>arribar de l&#8217;Anoia a Atenes, abans del dia 27 de setembre<\/strong>.<\/p>\n<p>Per fer-ho possible, a trav\u00e9s del seg\u00fcent <a href=\"https:\/\/ajmasquefa-multimedia-wp.s3.eu-central-1.amazonaws.com\/wp-content\/uploads\/sites\/22\/2021\/07\/13094914\/Caminada-Solidaria-CGGA-2021-versio%CC%81_3.pdf\" target=\"_blank\" rel=\"noopener noreferrer\"><strong><u>enlla\u00e7<\/u><\/strong><\/a> podreu descarregar-vos un\u00a0<strong>prospecte\u00a0<\/strong>on podreu anotar els dies que aneu a caminar\/despla\u00e7ar-se i els quil\u00f2metres que feu. Ho podeu fer de forma individual o en grup\u00a0(en aquest cas, el n\u00famero de km s\u00f3n per persona. \u00c9s a dir, si un grup de 3 persones fan 5 km, en total anotaran que han fet 15 km).<\/p>\n<p><strong>Fins el dia 27 de setembre es podran anar anotant els quil\u00f2metres realitzats <\/strong>i registrar-los al formulari que trobareu\u00a0<strong><a href=\"https:\/\/docs.google.com\/forms\/d\/e\/1FAIpQLScrUtr1f9Q-YJ2SY5lfze2iZcZJUANEUXqAecxOvm9TAFNMXg\/viewform\" target=\"_blank\" rel=\"noopener noreferrer\">aqu\u00ed<\/a><\/strong>. Tamb\u00e9 podreu lliurar el registre de quil\u00f2metres a l\u2019Ajuntament de Masquefa, a l&#8217;Associaci\u00f3 de la Gent Gran o al correu electr\u00f2nic bherrera@anoia.cat.<\/p>\n<p>Per a m\u00e9s informaci\u00f3 tamb\u00e9 podeu consultar el seg\u00fcent <strong><a href=\"http:\/\/www.anoia.cat\/departaments\/benestar-social\/serveis-socials-especialitzats\/unitat-de-vellesa-discapacitat-i-salut-mental\/envelliment-actiu\/\" target=\"_blank\" rel=\"noopener noreferrer\">enlla\u00e7<\/a><\/strong>.<\/p>\n","protected":false},"excerpt":{"rendered":"<p>Fins el dia 27 de setembre es podran anar anotant els quil\u00f2metres realitzats i registrar-los al formulari que trobareu\u00a0aqu\u00ed.\u00a0 Des del\u00a0Consell de la Gent Gran de l&#8217;Anoia\u00a0s&#8217;est\u00e0 organitzant -amb la col\u00b7laboraci\u00f3 de l\u2019Ajuntament de Masquefa- una proposta d&#8217;agenda d&#8217;activitats per a les persones de la comarca per commemorar el\u00a0pr\u00f2xim 1 d&#8217;octubre el Dia Internacional de&hellip;<\/p>\n","protected":false},"author":7,"featured_media":26126,"comment_status":"closed","ping_status":"open","sticky":false,"template":"","format":"standard","meta":[],"categories":[96,1,64],"tags":[],"_links":{"self":[{"href":"https:\/\/masquefa.cat\/noticies\/wp-json\/wp\/v2\/posts\/26125"}],"collection":[{"href":"https:\/\/masquefa.cat\/noticies\/wp-json\/wp\/v2\/posts"}],"about":[{"href":"https:\/\/masquefa.cat\/noticies\/wp-json\/wp\/v2\/types\/post"}],"author":[{"embeddable":true,"href":"https:\/\/masquefa.cat\/noticies\/wp-json\/wp\/v2\/users\/7"}],"replies":[{"embeddable":true,"href":"https:\/\/masquefa.cat\/noticies\/wp-json\/wp\/v2\/comments?post=26125"}],"version-history":[{"count":3,"href":"https:\/\/masquefa.cat\/noticies\/wp-json\/wp\/v2\/posts\/26125\/revisions"}],"predecessor-version":[{"id":26130,"href":"https:\/\/masquefa.cat\/noticies\/wp-json\/wp\/v2\/posts\/26125\/revisions\/26130"}],"wp:featuredmedia":[{"embeddable":true,"href":"https:\/\/masquefa.cat\/noticies\/wp-json\/wp\/v2\/media\/26126"}],"wp:attachment":[{"href":"https:\/\/masquefa.cat\/noticies\/wp-json\/wp\/v2\/media?parent=26125"}],"wp:term":[{"taxonomy":"category","embeddable":true,"href":"https:\/\/masquefa.cat\/noticies\/wp-json\/wp\/v2\/categories?post=26125"},{"taxonomy":"post_tag","embeddable":true,"href":"https:\/\/masquefa.cat\/noticies\/wp-json\/wp\/v2\/tags?post=26125"}],"curies":[{"name":"wp","href":"https:\/\/api.w.org\/{rel}","templated":true}]}}